{"id":10004,"date":"2024-06-26T12:10:57","date_gmt":"2024-06-26T12:10:57","guid":{"rendered":"https:\/\/ladepeche.mr\/?p=10004"},"modified":"2024-06-26T12:10:57","modified_gmt":"2024-06-26T12:10:57","slug":"interdiction-de-meeting-a-rosso-la-direction-de-campagne-du-candidat-soumare-rejette-la-decision","status":"publish","type":"post","link":"https:\/\/ladepeche.mr\/?p=10004","title":{"rendered":"Interdiction de meeting \u00e0 Rosso : la direction de campagne du candidat Soumar\u00e9 rejette la d\u00e9cision"},"content":{"rendered":"<p>La direction de campagne du canddidat Outouma Soumar\u00e9 \u00e0 annonc\u00e9, ce mardi que le meeting de son candidat pr\u00e9vu dans la ville de Rosso, le 26 juin 2024 est frapp\u00e9 d\u2019une interdiction \u00e9dict\u00e9e par les autorit\u00e9s administratives de cette ville.<\/p>\n<p>Le motif invoqu\u00e9, indique la direction de la campagne pour ce qu\u2019elle consid\u00e8re \u00eatre \u2019\u2019une entrave explicite \u00e0 la libert\u00e9 d\u2019expression en p\u00e9riode \u00e9lectorale, est qu\u2019un autre candidat (ndlr Mohamed Ould Cheikh Ghazouani) tiendrait meeting le m\u00eame jour dans la m\u00eame ville ! \u2018\u2019<\/p>\n<p>La Direction de campagne du candidat de la g\u00e9n\u00e9ration de l\u2019alternance s&#8217;insurge contre cette mesure.\u2019\u2019Aussi, non content d\u2019utiliser les moyens de l\u2019Etat pour mener sa campagne \u00e9lectorale, le candidat du pouvoir instrumente l\u2019Administration pour priver ses concurrents de leurs droits garantis par la Constitution et inscrits dans le code \u00e9lectoral mauritanien.<\/p>\n<p>Combien de meetings parall\u00e8les ont \u00e9t\u00e9 organis\u00e9s \u00e0 Nouakchott et dans d\u2019autres grandes villes du pays sans que ni la HAPA ?ni le Conseil Constitutionnel n\u2019y trouvent \u00e0 redire ?\u2019\u2019, \u00e9crit-elle.<\/p>\n<p>La direction de campagne du Professeur Outouma Soumar\u00e9 d\u00e9nonce \u2018\u2019 le z\u00e8le de l\u2019Administration locale de la ville de Rosso\u2019\u02c6 et s\u2019estime victime d\u2019une entrave caract\u00e9ris\u00e9e de sa libert\u00e9 d\u2019expression dans ces derniers jours de la campagne \u00e9lectorale.<\/p>\n<p>Elle exige \u2018\u2019 le r\u00e9tablissement de l\u2019\u00e9galit\u00e9 de traitement garantie par le code \u00e9lectoral entre tous les concurrents de cette comp\u00e9tition et demande la lev\u00e9e imm\u00e9diate de cette interdiction de r\u00e9union \u2018\u2019.<\/p>\n<p>R\u00e9futant cette interdiction, la direction de la campagne appelle ses militants et sympathisants \u00e0 se rendre sur le lieu du meeting pr\u00e9vu \u00e0 l\u2019heure pr\u00e9vue car\u2019\u2019 il est hors de question que nous renoncions au plus \u00e9l\u00e9mentaires de nos droits \u00e0 savoir celui de nous exprimer\u2019\u2019.<\/p>\n<p>Enfin,Outouma et ses partisans tiennent \u2018\u2019 le candidat Mohamed Ould Cheikh Ghazouani et l\u2019Administration locale pour responsables de tous d\u00e9bordements pr\u00e9visibles que causera cette entorse \u00e0 la libert\u00e9 d\u2019expression\u2019\u2019.<\/p>\n<p>Source Le Calame<\/p>\n","protected":false},"excerpt":{"rendered":"<p>La direction de campagne du canddidat Outouma Soumar\u00e9 \u00e0 annonc\u00e9, ce mardi que le meeting de son candidat pr\u00e9vu dans la ville de Rosso, le 26 juin 2024 est frapp\u00e9 d\u2019une interdiction \u00e9dict\u00e9e par les autorit\u00e9s administratives de cette ville. Le motif invoqu\u00e9, indique la direction de la campagne pour ce qu\u2019elle consid\u00e8re \u00eatre \u2019\u2019une &hellip;<\/p>\n","protected":false},"author":2,"featured_media":10005,"comment_status":"open","ping_status":"open","sticky":false,"template":"","format":"standard","meta":{"footnotes":""},"categories":[18,31],"tags":[],"class_list":["post-10004","post","type-post","status-publish","format-standard","has-post-thumbnail","hentry","category-actualites","category-politique-et-reportages"],"_links":{"self":[{"href":"https:\/\/ladepeche.mr\/index.php?rest_route=\/wp\/v2\/posts\/10004","targetHints":{"allow":["GET"]}}],"collection":[{"href":"https:\/\/ladepeche.mr\/index.php?rest_route=\/wp\/v2\/posts"}],"about":[{"href":"https:\/\/ladepeche.mr\/index.php?rest_route=\/wp\/v2\/types\/post"}],"author":[{"embeddable":true,"href":"https:\/\/ladepeche.mr\/index.php?rest_route=\/wp\/v2\/users\/2"}],"replies":[{"embeddable":true,"href":"https:\/\/ladepeche.mr\/index.php?rest_route=%2Fwp%2Fv2%2Fcomments&post=10004"}],"version-history":[{"count":1,"href":"https:\/\/ladepeche.mr\/index.php?rest_route=\/wp\/v2\/posts\/10004\/revisions"}],"predecessor-version":[{"id":10006,"href":"https:\/\/ladepeche.mr\/index.php?rest_route=\/wp\/v2\/posts\/10004\/revisions\/10006"}],"wp:featuredmedia":[{"embeddable":true,"href":"https:\/\/ladepeche.mr\/index.php?rest_route=\/wp\/v2\/media\/10005"}],"wp:attachment":[{"href":"https:\/\/ladepeche.mr\/index.php?rest_route=%2Fwp%2Fv2%2Fmedia&parent=10004"}],"wp:term":[{"taxonomy":"category","embeddable":true,"href":"https:\/\/ladepeche.mr\/index.php?rest_route=%2Fwp%2Fv2%2Fcategories&post=10004"},{"taxonomy":"post_tag","embeddable":true,"href":"https:\/\/ladepeche.mr\/index.php?rest_route=%2Fwp%2Fv2%2Ftags&post=10004"}],"curies":[{"name":"wp","href":"https:\/\/api.w.org\/{rel}","templated":true}]}}