{"id":10070,"date":"2024-06-30T15:08:56","date_gmt":"2024-06-30T15:08:56","guid":{"rendered":"https:\/\/ladepeche.mr\/?p=10070"},"modified":"2024-06-30T15:10:23","modified_gmt":"2024-06-30T15:10:23","slug":"legislatives-francaise-le-rn-brigue-le-suffrage-des-francais-etablis-a-nouakchott","status":"publish","type":"post","link":"https:\/\/ladepeche.mr\/?p=10070","title":{"rendered":"L\u00e9gislatives fran\u00e7aises: \u00a0Le RN brigue le suffrage des fran\u00e7ais \u00e9tablis \u00e0 Nouakchott"},"content":{"rendered":"<p>Mme CHARRON Elodie, avec pour suppl\u00e9ant, FRANCESCHI Philippe, porteuse des id\u00e9es racistes et x\u00e9nophobes du Rassemblement National (ex-Front National) brigue le suffrage des \u00e9lecteurs fran\u00e7ais de la 9<sup>\u00e8me<\/sup> circonscription de l\u2019\u00e9tranger dont notre pays.<\/p>\n<p>Cette circonscription concerne plusieurs pays africains et maghr\u00e9bins dont le n\u00f4tre. Il s\u2019agit, outre la Mauritanie, de l\u2019Alg\u00e9rie, du Maroc, de Libye, la Tunisie, du Burkina Faso, du Mali, du Niger, du Cap-Vert, de la Gambie, de la Guin\u00e9e, de la Guin\u00e9e-Bissau, du S\u00e9n\u00e9gal, de Sierra Leone, de C\u00f4te d\u2019Ivoire et du Liberia. Il faut esp\u00e9rer que les fran\u00e7ais vivant parmi \u2013eux qui connaissent, sans doute mieux, les populations cibles du RN- n\u2019adh\u00e8rent pas au discours de l\u2019extr\u00eame droite fran\u00e7aise.<\/p>\n<p>19 candidats \u00e0 l&#8217;\u00e9lection des d\u00e9put\u00e9s \u00e9lus par les Fran\u00e7ais \u00e9tablis ont, \u00e0 cet effet, obtenu des r\u00e9c\u00e9piss\u00e9s pour se porter candidat dans cette circonscription o\u00f9 des candidats repr\u00e9sentant LFI, Renaissance, LR, la Chiraquie et d\u2019autres non \u00e9tiquett\u00e9s se disputent les si\u00e8ges le 30 juin et le 7 juillet 2024.<\/p>\n<p>L\u2019\u00e9lection de l\u2019Assembl\u00e9e fran\u00e7aise, convoqu\u00e9e par le pr\u00e9sident Macron, apr\u00e8s la d\u00e9route des \u00e9lections europ\u00e9ennes qui ont vu une mont\u00e9 de l\u2019extr\u00eame droite dans le pays, est suivie avec beaucoup d\u2019int\u00e9r\u00eat dans les pays, anciennes colonies fran\u00e7aises. Des millions de fran\u00e7ais originaires de ces pays risquent, en effet, d\u2019\u00eatre les premi\u00e8res victimes du RN.<\/p>\n<p>Plusieurs formations politiques en France se sont moblis\u00e9es pour lui faire barrage.<\/p>\n","protected":false},"excerpt":{"rendered":"<p>Mme CHARRON Elodie, avec pour suppl\u00e9ant, FRANCESCHI Philippe, porteuse des id\u00e9es racistes et x\u00e9nophobes du Rassemblement National (ex-Front National) brigue le suffrage des \u00e9lecteurs fran\u00e7ais de la 9\u00e8me circonscription de l\u2019\u00e9tranger dont notre pays. Cette circonscription concerne plusieurs pays africains et maghr\u00e9bins dont le n\u00f4tre. Il s\u2019agit, outre la Mauritanie, de l\u2019Alg\u00e9rie, du Maroc, de &hellip;<\/p>\n","protected":false},"author":2,"featured_media":10071,"comment_status":"open","ping_status":"open","sticky":false,"template":"","format":"standard","meta":{"footnotes":""},"categories":[18,29],"tags":[],"class_list":["post-10070","post","type-post","status-publish","format-standard","has-post-thumbnail","hentry","category-actualites","category-monde"],"_links":{"self":[{"href":"https:\/\/ladepeche.mr\/index.php?rest_route=\/wp\/v2\/posts\/10070","targetHints":{"allow":["GET"]}}],"collection":[{"href":"https:\/\/ladepeche.mr\/index.php?rest_route=\/wp\/v2\/posts"}],"about":[{"href":"https:\/\/ladepeche.mr\/index.php?rest_route=\/wp\/v2\/types\/post"}],"author":[{"embeddable":true,"href":"https:\/\/ladepeche.mr\/index.php?rest_route=\/wp\/v2\/users\/2"}],"replies":[{"embeddable":true,"href":"https:\/\/ladepeche.mr\/index.php?rest_route=%2Fwp%2Fv2%2Fcomments&post=10070"}],"version-history":[{"count":3,"href":"https:\/\/ladepeche.mr\/index.php?rest_route=\/wp\/v2\/posts\/10070\/revisions"}],"predecessor-version":[{"id":10074,"href":"https:\/\/ladepeche.mr\/index.php?rest_route=\/wp\/v2\/posts\/10070\/revisions\/10074"}],"wp:featuredmedia":[{"embeddable":true,"href":"https:\/\/ladepeche.mr\/index.php?rest_route=\/wp\/v2\/media\/10071"}],"wp:attachment":[{"href":"https:\/\/ladepeche.mr\/index.php?rest_route=%2Fwp%2Fv2%2Fmedia&parent=10070"}],"wp:term":[{"taxonomy":"category","embeddable":true,"href":"https:\/\/ladepeche.mr\/index.php?rest_route=%2Fwp%2Fv2%2Fcategories&post=10070"},{"taxonomy":"post_tag","embeddable":true,"href":"https:\/\/ladepeche.mr\/index.php?rest_route=%2Fwp%2Fv2%2Ftags&post=10070"}],"curies":[{"name":"wp","href":"https:\/\/api.w.org\/{rel}","templated":true}]}}