{"id":10105,"date":"2024-07-13T11:00:15","date_gmt":"2024-07-13T11:00:15","guid":{"rendered":"https:\/\/ladepeche.mr\/?p=10105"},"modified":"2024-07-13T11:44:57","modified_gmt":"2024-07-13T11:44:57","slug":"__trashed-3","status":"publish","type":"post","link":"https:\/\/ladepeche.mr\/?p=10105","title":{"rendered":"Post-scriptum: \u00ab En attendant le bonheur \u00bb!"},"content":{"rendered":"<p class=\"p1\" style=\"text-align: left;\">Biram Dah Abe\u00efd n\u2019est pas content de la stature qu\u2019il a encore acquise en finissant second \u00e0 l\u2019issue du scrutin pr\u00e9sidentiel du 29 juin 2024 avec un score de 22,10% des voix. Le d\u00e9compte des r\u00e9sultats du vote op\u00e9r\u00e9 par la Ceni lui a d\u00e9volu, pour la seconde fois, cette place sur l\u2019\u00e9chiquier politique.<\/p>\n<p class=\"p1\"><span class=\"s1\">M\u00eame si l\u2019on pouvait consid\u00e9rer depuis le d\u00e9but que la Ceni s\u00e9cr\u00e9tait en elle les germes d\u2019un d\u00e9litement \u00e9lectoral probable, qui d\u00e9cr\u00e9dibiliserait la consultation pr\u00e9sidentielle elle-m\u00eame, force est de croire son pr\u00e9sident quand il argue qu\u2019elle s\u2019est efforc\u00e9e \u00abde cr\u00e9er un terrain favorable \u00e0 une comp\u00e9tition transparente et \u00e9quitable&#8221;.<\/span><\/p>\n<p class=\"p2\"><span class=\"s2\">BDA ne conteste pas seulement une victoire, au premier tour du pr\u00e9sident sortant Mohamed Ould Ghazouani, il l\u2019accuse m\u00eame d&#8217;avoir usurp\u00e9, \u00e0 nouveau, &#8220;sa&#8221;\u00a0 propre victoire. La v\u00e9rit\u00e9 est que BDA est press\u00e9 de servir son pays. Et il s\u2019y investit en voulant forcer le destin. A sa mani\u00e8re, pas toujours orthodoxe!<\/span><\/p>\n<p class=\"p2\"><span class=\"s2\">L&#8217;attitude de BDA est de refuser, \u00e0 chaque fois, de reconnaitre les r\u00e9sultats. Et tant pis s&#8217;il est le seul \u00e0 le faire pour se &#8220;victimiser&#8221; davantage pendant que les autres candidats t\u00e9moignent, une fois n&#8217;est pas coutume, de la rectitude du d\u00e9pouillement de la CENI. BDA a annonc\u00e9, dans le sillage des r\u00e9sultats, appeler \u00e0 la \u201cd\u00e9sob\u00e9issance civile\u201d; une protestation qu\u2019il indique \u201cpacifique\u201d.<span class=\"Apple-converted-space\"> Comme il l&#8217;a r\u00e9it\u00e9r\u00e9 mercredi lors d&#8217;une conf\u00e9rence de presse. <\/span>Mais personne n\u2019est dupe. Les manifestations et les contestations politiques, suite \u00e0 une \u00e9lection, de surcro\u00eet celle de la pr\u00e9sidentielle, n\u2019ont jamais \u00e9t\u00e9 sereines, bien canalis\u00e9es, et d\u00e9rogeant aux d\u00e9rapages. Le spectre de 2019 est toujours l\u00e0 pour nous le rappeler. C&#8217;est d\u2019autant plus vrai que BDA sait lui-m\u00eame combien d\u2019autres \u201ccauses\u201d politiques licites ou subversives se greffent, toujours, \u00e0 ses troupes \u00e0 d\u2019autres desseins, moins avouables. Veut-il leur servir de rampe de lancement? Il y a tout \u00e0 perdre. En attendant, trois personnes ont trouv\u00e9 la mort \u00e0 Ka\u00e9di et deux agents de la s\u00e9curit\u00e9 ont \u00e9t\u00e9 gri\u00e8vement bless\u00e9s dans ces \u00e9chauffour\u00e9es. Qui finalement surfe sur cette vague de d\u00e9stabilisation et de la politique de la terre br\u00fbl\u00e9e?\u00a0<\/span><\/p>\n<p class=\"p2\"><span class=\"s2\">Personnellement, je ne pense pas que BDA puisse pousser -sciemment- ses soutiens dans la gueule du loup au risque de porter la responsabilit\u00e9 d\u2019\u00e9v\u00e8nement impr\u00e9visibles et contraires \u00e0 la recherche de l\u2019int\u00e9r\u00eat g\u00e9n\u00e9ral qu\u2019il mettait en avant lors de la campagne \u00e9lectorale et disait d\u00e9fendre. Par ailleurs qui mieux que BDA sait que la violence n\u2019a jamais servi les bonnes causes; qu\u2019elle contribue m\u00eame \u00e0 en stigmatiser les auteurs. Mais il est vrai aussi que n\u2019est pas Ghandi, ni Mandela qui veut.<\/span><\/p>\n<p class=\"p2\"><span class=\"s2\">Malgr\u00e9 la possibilit\u00e9 d\u2019un recours contre ces r\u00e9sultats, BDA n&#8217;en a rien fait jusqu&#8217;\u00e0 leur proclamation officielle par le Conseil Constitutionnel. Une alternative qui a ferm\u00e9, dans le jeu d\u00e9mocratique, toute porte au r\u00eave ponctuel de BDA. Un r\u00eave qui, peut-\u00eatre, a des chances de survenir un autre jour ou pas. Seule la majorit\u00e9 des mauritaniens d\u00e9cide de qui la gouvernera. Il y arrivera une autre fois, peut-\u00eatre, \u00e0 la seule condition que BDA solde &#8220;ses vieux comptes\u00bb et devienne le candidat pour tous les mauritaniens, sans \u00e9videmment renier ses convictions politiques. <\/span><\/p>\n<p class=\"p2\"><span class=\"s2\">En attendant, BDA continue certainement de payer le prix de la perception qu\u2019il donnait souvent de lui pour une importante frange de la population alors que pour qui le conna\u00eet, il est loin d\u2019\u00eatre un \u00abraciste \u00bb.Comme tout politicien, il joue sur une corde parfois raide. Il devrait penser \u00e0 donner une autre image de lui que celle d&#8217;un &#8220;\u00e9pouvantail&#8221; que beaucoup brandissent pour lui faire ombrage.\u00a0\u00a0<\/span><\/p>\n<p class=\"p2\"><span class=\"s2\">BDA aura-t-il un jour cette autre dimension? Tout ne d\u00e9pend que de lui. Un choix &#8220;corn\u00e9lien&#8221; entre deux options dont la plus juste serait pour lui am\u00e8re. Mais cinq ans passent vite de nos jours. <\/span>A bon entendeur, salut!<\/p>\n<p>J.D<\/p>\n","protected":false},"excerpt":{"rendered":"<p>Biram Dah Abe\u00efd n\u2019est pas content de la stature qu\u2019il a encore acquise en finissant second \u00e0 l\u2019issue du scrutin pr\u00e9sidentiel du 29 juin 2024 avec un score de 22,10% des voix. Le d\u00e9compte des r\u00e9sultats du vote op\u00e9r\u00e9 par la Ceni lui a d\u00e9volu, pour la seconde fois, cette place sur l\u2019\u00e9chiquier politique. M\u00eame &hellip;<\/p>\n","protected":false},"author":2,"featured_media":5624,"comment_status":"open","ping_status":"open","sticky":false,"template":"","format":"standard","meta":{"footnotes":""},"categories":[18,31],"tags":[],"class_list":["post-10105","post","type-post","status-publish","format-standard","has-post-thumbnail","hentry","category-actualites","category-politique-et-reportages"],"_links":{"self":[{"href":"https:\/\/ladepeche.mr\/index.php?rest_route=\/wp\/v2\/posts\/10105","targetHints":{"allow":["GET"]}}],"collection":[{"href":"https:\/\/ladepeche.mr\/index.php?rest_route=\/wp\/v2\/posts"}],"about":[{"href":"https:\/\/ladepeche.mr\/index.php?rest_route=\/wp\/v2\/types\/post"}],"author":[{"embeddable":true,"href":"https:\/\/ladepeche.mr\/index.php?rest_route=\/wp\/v2\/users\/2"}],"replies":[{"embeddable":true,"href":"https:\/\/ladepeche.mr\/index.php?rest_route=%2Fwp%2Fv2%2Fcomments&post=10105"}],"version-history":[{"count":6,"href":"https:\/\/ladepeche.mr\/index.php?rest_route=\/wp\/v2\/posts\/10105\/revisions"}],"predecessor-version":[{"id":10211,"href":"https:\/\/ladepeche.mr\/index.php?rest_route=\/wp\/v2\/posts\/10105\/revisions\/10211"}],"wp:featuredmedia":[{"embeddable":true,"href":"https:\/\/ladepeche.mr\/index.php?rest_route=\/wp\/v2\/media\/5624"}],"wp:attachment":[{"href":"https:\/\/ladepeche.mr\/index.php?rest_route=%2Fwp%2Fv2%2Fmedia&parent=10105"}],"wp:term":[{"taxonomy":"category","embeddable":true,"href":"https:\/\/ladepeche.mr\/index.php?rest_route=%2Fwp%2Fv2%2Fcategories&post=10105"},{"taxonomy":"post_tag","embeddable":true,"href":"https:\/\/ladepeche.mr\/index.php?rest_route=%2Fwp%2Fv2%2Ftags&post=10105"}],"curies":[{"name":"wp","href":"https:\/\/api.w.org\/{rel}","templated":true}]}}