{"id":10133,"date":"2024-07-05T08:41:19","date_gmt":"2024-07-05T08:41:19","guid":{"rendered":"https:\/\/ladepeche.mr\/?p=10133"},"modified":"2024-07-05T08:41:19","modified_gmt":"2024-07-05T08:41:19","slug":"les-garde-cotes-mauritaniens-repechent-les-corps-de-89-migrants-clandestins-pres-de-ndiago","status":"publish","type":"post","link":"https:\/\/ladepeche.mr\/?p=10133","title":{"rendered":"Les garde-c\u00f4tes mauritaniens rep\u00eachent les corps de 89 migrants clandestins pr\u00e8s de N\u2019Diago"},"content":{"rendered":"<p>Les garde-c\u00f4tes mauritaniens ont rep\u00each\u00e9 les corps de 89 migrants clandestins qui se trouvaient \u00e0 bord d\u2019une grande embarcation de p\u00eache traditionnelle \u00e9chou\u00e9e au large de l\u2019oc\u00e9an Atlantique, \u00e0 4 km de la ville de N\u2019Diago, a indiqu\u00e9 une source au bureau de l\u2019Agence mauritanienne d\u2019information \u00e0 Rosso, capitale de la wilaya du Trarza. Neuf personnes, dont une fillette de cinq ans, ont \u00e9t\u00e9 secourues par les garde-c\u00f4tes mauritaniens, a pr\u00e9cis\u00e9 cette source.<\/p>\n<p>Selon les survivants, l\u2019embarcation, qui a quitt\u00e9 la fronti\u00e8re s\u00e9n\u00e9galo-gambienne il y a six jours en direction de l\u2019Europe, avait \u00e0 son bord 170 migrants clandestins.<\/p>\n<p>Ami<\/p>\n","protected":false},"excerpt":{"rendered":"<p>Les garde-c\u00f4tes mauritaniens ont rep\u00each\u00e9 les corps de 89 migrants clandestins qui se trouvaient \u00e0 bord d\u2019une grande embarcation de p\u00eache traditionnelle \u00e9chou\u00e9e au large de l\u2019oc\u00e9an Atlantique, \u00e0 4 km de la ville de N\u2019Diago, a indiqu\u00e9 une source au bureau de l\u2019Agence mauritanienne d\u2019information \u00e0 Rosso, capitale de la wilaya du Trarza. Neuf &hellip;<\/p>\n","protected":false},"author":2,"featured_media":10134,"comment_status":"open","ping_status":"open","sticky":false,"template":"","format":"standard","meta":{"footnotes":""},"categories":[18],"tags":[],"class_list":["post-10133","post","type-post","status-publish","format-standard","has-post-thumbnail","hentry","category-actualites"],"_links":{"self":[{"href":"https:\/\/ladepeche.mr\/index.php?rest_route=\/wp\/v2\/posts\/10133","targetHints":{"allow":["GET"]}}],"collection":[{"href":"https:\/\/ladepeche.mr\/index.php?rest_route=\/wp\/v2\/posts"}],"about":[{"href":"https:\/\/ladepeche.mr\/index.php?rest_route=\/wp\/v2\/types\/post"}],"author":[{"embeddable":true,"href":"https:\/\/ladepeche.mr\/index.php?rest_route=\/wp\/v2\/users\/2"}],"replies":[{"embeddable":true,"href":"https:\/\/ladepeche.mr\/index.php?rest_route=%2Fwp%2Fv2%2Fcomments&post=10133"}],"version-history":[{"count":1,"href":"https:\/\/ladepeche.mr\/index.php?rest_route=\/wp\/v2\/posts\/10133\/revisions"}],"predecessor-version":[{"id":10135,"href":"https:\/\/ladepeche.mr\/index.php?rest_route=\/wp\/v2\/posts\/10133\/revisions\/10135"}],"wp:featuredmedia":[{"embeddable":true,"href":"https:\/\/ladepeche.mr\/index.php?rest_route=\/wp\/v2\/media\/10134"}],"wp:attachment":[{"href":"https:\/\/ladepeche.mr\/index.php?rest_route=%2Fwp%2Fv2%2Fmedia&parent=10133"}],"wp:term":[{"taxonomy":"category","embeddable":true,"href":"https:\/\/ladepeche.mr\/index.php?rest_route=%2Fwp%2Fv2%2Fcategories&post=10133"},{"taxonomy":"post_tag","embeddable":true,"href":"https:\/\/ladepeche.mr\/index.php?rest_route=%2Fwp%2Fv2%2Ftags&post=10133"}],"curies":[{"name":"wp","href":"https:\/\/api.w.org\/{rel}","templated":true}]}}