{"id":10139,"date":"2024-07-05T10:11:32","date_gmt":"2024-07-05T10:11:32","guid":{"rendered":"https:\/\/ladepeche.mr\/?p=10139"},"modified":"2024-07-05T10:12:42","modified_gmt":"2024-07-05T10:12:42","slug":"frontieres-la-chasse-aux-migrants-illegaux-se-prepare","status":"publish","type":"post","link":"https:\/\/ladepeche.mr\/?p=10139","title":{"rendered":"Fronti\u00e8res\u00a0: La chasse aux migrants ill\u00e9gaux se pr\u00e9pare"},"content":{"rendered":"<p>La reconduction \u00e0 la fronti\u00e8re et interdiction temporaire ou permanente contre les contrevenants aux r\u00e8gles d\u2019acc\u00e8s au territoire national forment le futur arsenal que les autorit\u00e9s mauritaniennes pr\u00e9parent pour freiner la migration ill\u00e9gale dans le pays.<\/p>\n<p>Un, projet de loi, qui durcit les mesures coercitives d\u2019entr\u00e9e dans le pays, a \u00e9t\u00e9 adopt\u00e9 jeudi 4 juillet 2024 lors du dernier conseil des ministres.<\/p>\n<p>Le gouvernement explique que la future disposition l\u00e9gale \u00ab\u00a0permettra l\u2019expulsion des migrants qui enfreignent les dispositions du r\u00e9gime de migration sp\u00e9cifi\u00e9es dans la loi, en particulier ceux qui entrent sur le territoire national sans passer par les points de passage officiels d\u00e9sign\u00e9s \u00e0 cet effet\u00a0\u00bb.<\/p>\n<p>La Mauritanie qui a sign\u00e9 des accords avec l\u2019Ue pour combattre la migration ill\u00e9gale veut aussi prot\u00e9ger ses fronti\u00e8res \u00e0 la lumi\u00e8re des nombreuses incursions et trafic de personnes issus de la migration clandestine.<\/p>\n<p>M\u00eame si les autorit\u00e9s ne remettraient pas en cause les accords de libre circulation avec les pays voisins notamment, les ressortissants de ces pays devraient aussi se faire enregistrer \u00e0 l\u2019un des postes d\u2019entr\u00e9e en Mauritanie.<\/p>\n<blockquote class=\"wp-embedded-content\" data-secret=\"bLg6mFceku\"><p><a href=\"https:\/\/ladepeche.mr\/?p=10133\">Les garde-c\u00f4tes mauritaniens rep\u00eachent les corps de 89 migrants clandestins pr\u00e8s de N\u2019Diago<\/a><\/p><\/blockquote>\n<p><iframe loading=\"lazy\" class=\"wp-embedded-content\" sandbox=\"allow-scripts\" security=\"restricted\" style=\"position: absolute; clip: rect(1px, 1px, 1px, 1px);\" title=\"\u00ab\u00a0Les garde-c\u00f4tes mauritaniens rep\u00eachent les corps de 89 migrants clandestins pr\u00e8s de N\u2019Diago\u00a0\u00bb &#8212; La D\u00e9p\u00eache  de Mauritanie et du Sahel\" src=\"https:\/\/ladepeche.mr\/?p=10133&#038;embed=true#?secret=RpZ3SgwPAg#?secret=bLg6mFceku\" data-secret=\"bLg6mFceku\" width=\"500\" height=\"282\" frameborder=\"0\" marginwidth=\"0\" marginheight=\"0\" scrolling=\"no\"><\/iframe><\/p>\n<p>Le ph\u00e9nom\u00e8ne des pirogues\u00a0 (cayucos en espagnol) fait du territoire mauritanien un pays de transit des migrants ouestaficains notamment vers l\u2019Europe via l\u2019Espagne. Mais souvent dans leur qu\u00eate de se rendre en Europe certains de ces migrants \u00e9chouent en Mauritanie sans autre possibilit\u00e9 pour eux d&#8217;un retour \u00e0 la case-d\u00e9part.<\/p>\n<p>Jeudi, rappelle-t-on, les corps de 80 personnes mortes dans le naufrage de leur embarcation, aux alentours de NDiago, sud de la Mauritanie, ont \u00e9t\u00e9 rep\u00each\u00e9es par les secours mauritaniens.<\/p>\n","protected":false},"excerpt":{"rendered":"<p>La reconduction \u00e0 la fronti\u00e8re et interdiction temporaire ou permanente contre les contrevenants aux r\u00e8gles d\u2019acc\u00e8s au territoire national forment le futur arsenal que les autorit\u00e9s mauritaniennes pr\u00e9parent pour freiner la migration ill\u00e9gale dans le pays. Un, projet de loi, qui durcit les mesures coercitives d\u2019entr\u00e9e dans le pays, a \u00e9t\u00e9 adopt\u00e9 jeudi 4 juillet &hellip;<\/p>\n","protected":false},"author":2,"featured_media":10140,"comment_status":"open","ping_status":"open","sticky":false,"template":"","format":"standard","meta":{"footnotes":""},"categories":[18],"tags":[],"class_list":["post-10139","post","type-post","status-publish","format-standard","has-post-thumbnail","hentry","category-actualites"],"_links":{"self":[{"href":"https:\/\/ladepeche.mr\/index.php?rest_route=\/wp\/v2\/posts\/10139","targetHints":{"allow":["GET"]}}],"collection":[{"href":"https:\/\/ladepeche.mr\/index.php?rest_route=\/wp\/v2\/posts"}],"about":[{"href":"https:\/\/ladepeche.mr\/index.php?rest_route=\/wp\/v2\/types\/post"}],"author":[{"embeddable":true,"href":"https:\/\/ladepeche.mr\/index.php?rest_route=\/wp\/v2\/users\/2"}],"replies":[{"embeddable":true,"href":"https:\/\/ladepeche.mr\/index.php?rest_route=%2Fwp%2Fv2%2Fcomments&post=10139"}],"version-history":[{"count":2,"href":"https:\/\/ladepeche.mr\/index.php?rest_route=\/wp\/v2\/posts\/10139\/revisions"}],"predecessor-version":[{"id":10142,"href":"https:\/\/ladepeche.mr\/index.php?rest_route=\/wp\/v2\/posts\/10139\/revisions\/10142"}],"wp:featuredmedia":[{"embeddable":true,"href":"https:\/\/ladepeche.mr\/index.php?rest_route=\/wp\/v2\/media\/10140"}],"wp:attachment":[{"href":"https:\/\/ladepeche.mr\/index.php?rest_route=%2Fwp%2Fv2%2Fmedia&parent=10139"}],"wp:term":[{"taxonomy":"category","embeddable":true,"href":"https:\/\/ladepeche.mr\/index.php?rest_route=%2Fwp%2Fv2%2Fcategories&post=10139"},{"taxonomy":"post_tag","embeddable":true,"href":"https:\/\/ladepeche.mr\/index.php?rest_route=%2Fwp%2Fv2%2Ftags&post=10139"}],"curies":[{"name":"wp","href":"https:\/\/api.w.org\/{rel}","templated":true}]}}