{"id":10143,"date":"2024-07-05T11:22:38","date_gmt":"2024-07-05T11:22:38","guid":{"rendered":"https:\/\/ladepeche.mr\/?p=10143"},"modified":"2024-07-05T11:24:10","modified_gmt":"2024-07-05T11:24:10","slug":"premier-tour-des-legislatives-des-francais-chauvins-qui-vivraient-en-afrique","status":"publish","type":"post","link":"https:\/\/ladepeche.mr\/?p=10143","title":{"rendered":"R\u00e9sultats du premier tour des l\u00e9gislatives\u00a0fran\u00e7aises: Des fran\u00e7ais chauvins qui vivraient en Afrique\u00a0?"},"content":{"rendered":"<p>Malgr\u00e9 la d\u00e9faite cuisante du RN dans la 9<sup>\u00e8me<\/sup> circonscription, force est de constater que le chauvinisme de l&#8217;extr\u00eame droite est bien partag\u00e9 par des ressortissants fran\u00e7ais install\u00e9s en Afrique. Mais seulement, une minorit\u00e9.<\/p>\n<p>En Mauritanie, le Rassemblement National, pr\u00e9sentant \u00e0 cette consultation E. Charron, est cr\u00e9dit\u00e9 du second score (39 voix) mais sur les r\u00e9sultats portant sur toute la circonscription, il est tr\u00e8s largement derri\u00e8re les deux candidats de la gauche Karim Ben Che\u00efkh (plus de 18.505 VOIX) et Djouadi Semira (5634 voix dont 20 voix \u00e0 Nouakchott), arriv\u00e9s respectivement en premi\u00e8re et seconde place, pour la 9<sup>\u00e8me<\/sup> circonscription.<\/p>\n<p>Charron a r\u00e9alis\u00e9 un score de 3817 voix dans toute la circonscription dont 39 sur les 377 suffrages exprim\u00e9s \u00e0 Nouakchott. Par contre, 127 voix des fran\u00e7ais en Mauritanie sont all\u00e9s \u00e0 K.B Cheikh. Il faut constater n\u00e9anmoins une faible participation des fran\u00e7ais \u00e9tablis en Mauritanie autour de 31% seulement sur les 1210 inscrits pour ce premier tour.<\/p>\n<p>.La 9\u00e8me circonscription \u00e9lectorale du second tour concerne plusieurs pays africains et maghr\u00e9bins. Outre la Mauritanie, il s&#8217;agit de l\u2019Alg\u00e9rie, du Maroc, de Libye, la Tunisie, du Burkina Faso, du Mali, du Niger, du Cap-Vert, de la Gambie, de la Guin\u00e9e, de la Guin\u00e9e-Bissau, du S\u00e9n\u00e9gal, de Sierra Leone, de C\u00f4te d\u2019Ivoire et du Liberia.<\/p>\n","protected":false},"excerpt":{"rendered":"<p>Malgr\u00e9 la d\u00e9faite cuisante du RN dans la 9\u00e8me circonscription, force est de constater que le chauvinisme de l&#8217;extr\u00eame droite est bien partag\u00e9 par des ressortissants fran\u00e7ais install\u00e9s en Afrique. Mais seulement, une minorit\u00e9. En Mauritanie, le Rassemblement National, pr\u00e9sentant \u00e0 cette consultation E. Charron, est cr\u00e9dit\u00e9 du second score (39 voix) mais sur les &hellip;<\/p>\n","protected":false},"author":2,"featured_media":10144,"comment_status":"open","ping_status":"open","sticky":false,"template":"","format":"standard","meta":{"footnotes":""},"categories":[18,29],"tags":[],"class_list":["post-10143","post","type-post","status-publish","format-standard","has-post-thumbnail","hentry","category-actualites","category-monde"],"_links":{"self":[{"href":"https:\/\/ladepeche.mr\/index.php?rest_route=\/wp\/v2\/posts\/10143","targetHints":{"allow":["GET"]}}],"collection":[{"href":"https:\/\/ladepeche.mr\/index.php?rest_route=\/wp\/v2\/posts"}],"about":[{"href":"https:\/\/ladepeche.mr\/index.php?rest_route=\/wp\/v2\/types\/post"}],"author":[{"embeddable":true,"href":"https:\/\/ladepeche.mr\/index.php?rest_route=\/wp\/v2\/users\/2"}],"replies":[{"embeddable":true,"href":"https:\/\/ladepeche.mr\/index.php?rest_route=%2Fwp%2Fv2%2Fcomments&post=10143"}],"version-history":[{"count":3,"href":"https:\/\/ladepeche.mr\/index.php?rest_route=\/wp\/v2\/posts\/10143\/revisions"}],"predecessor-version":[{"id":10147,"href":"https:\/\/ladepeche.mr\/index.php?rest_route=\/wp\/v2\/posts\/10143\/revisions\/10147"}],"wp:featuredmedia":[{"embeddable":true,"href":"https:\/\/ladepeche.mr\/index.php?rest_route=\/wp\/v2\/media\/10144"}],"wp:attachment":[{"href":"https:\/\/ladepeche.mr\/index.php?rest_route=%2Fwp%2Fv2%2Fmedia&parent=10143"}],"wp:term":[{"taxonomy":"category","embeddable":true,"href":"https:\/\/ladepeche.mr\/index.php?rest_route=%2Fwp%2Fv2%2Fcategories&post=10143"},{"taxonomy":"post_tag","embeddable":true,"href":"https:\/\/ladepeche.mr\/index.php?rest_route=%2Fwp%2Fv2%2Ftags&post=10143"}],"curies":[{"name":"wp","href":"https:\/\/api.w.org\/{rel}","templated":true}]}}