{"id":10148,"date":"2024-07-05T12:15:36","date_gmt":"2024-07-05T12:15:36","guid":{"rendered":"https:\/\/ladepeche.mr\/?p=10148"},"modified":"2024-07-05T12:16:20","modified_gmt":"2024-07-05T12:16:20","slug":"mauritanie-election-presidentielle-la-france-salue-la-reelection-du-president-ghazouani-declaration","status":"publish","type":"post","link":"https:\/\/ladepeche.mr\/?p=10148","title":{"rendered":"Mauritanie \u2013 Election pr\u00e9sidentielle: La France salue la r\u00e9\u00e9lection du pr\u00e9sident Ghazouani (D\u00e9claration)"},"content":{"rendered":"<p class=\"yiv0666900330MsoNormal\">La France adresse ses f\u00e9licitations \u00e0 M. Mohamed Ould Cheikh El Ghazouani pour sa r\u00e9\u00e9lection \u00e0 la pr\u00e9sidence de la R\u00e9publique islamique de Mauritanie.<\/p>\n<p class=\"yiv0666900330MsoNormal\">La France r\u00e9affirme sa volont\u00e9 de renforcer ses liens d\u2019amiti\u00e9 avec la Mauritanie et se tient pleinement mobilis\u00e9e pour continuer \u00e0 travailler avec le pr\u00e9sident Ghazouani sur l\u2019ensemble de nos priorit\u00e9s communes. Elle salue \u00e0 cet \u00e9gard l\u2019action d\u00e9termin\u00e9e de la Mauritanie, pr\u00e9sidente en exercice de l\u2019Union africaine, en faveur de la stabilit\u00e9 et du d\u00e9veloppement du continent africain.<\/p>\n<p>Source Ambassade de France<\/p>\n","protected":false},"excerpt":{"rendered":"<p>La France adresse ses f\u00e9licitations \u00e0 M. Mohamed Ould Cheikh El Ghazouani pour sa r\u00e9\u00e9lection \u00e0 la pr\u00e9sidence de la R\u00e9publique islamique de Mauritanie. La France r\u00e9affirme sa volont\u00e9 de renforcer ses liens d\u2019amiti\u00e9 avec la Mauritanie et se tient pleinement mobilis\u00e9e pour continuer \u00e0 travailler avec le pr\u00e9sident Ghazouani sur l\u2019ensemble de nos priorit\u00e9s &hellip;<\/p>\n","protected":false},"author":2,"featured_media":5075,"comment_status":"open","ping_status":"open","sticky":false,"template":"","format":"standard","meta":{"footnotes":""},"categories":[18],"tags":[],"class_list":["post-10148","post","type-post","status-publish","format-standard","has-post-thumbnail","hentry","category-actualites"],"_links":{"self":[{"href":"https:\/\/ladepeche.mr\/index.php?rest_route=\/wp\/v2\/posts\/10148","targetHints":{"allow":["GET"]}}],"collection":[{"href":"https:\/\/ladepeche.mr\/index.php?rest_route=\/wp\/v2\/posts"}],"about":[{"href":"https:\/\/ladepeche.mr\/index.php?rest_route=\/wp\/v2\/types\/post"}],"author":[{"embeddable":true,"href":"https:\/\/ladepeche.mr\/index.php?rest_route=\/wp\/v2\/users\/2"}],"replies":[{"embeddable":true,"href":"https:\/\/ladepeche.mr\/index.php?rest_route=%2Fwp%2Fv2%2Fcomments&post=10148"}],"version-history":[{"count":2,"href":"https:\/\/ladepeche.mr\/index.php?rest_route=\/wp\/v2\/posts\/10148\/revisions"}],"predecessor-version":[{"id":10150,"href":"https:\/\/ladepeche.mr\/index.php?rest_route=\/wp\/v2\/posts\/10148\/revisions\/10150"}],"wp:featuredmedia":[{"embeddable":true,"href":"https:\/\/ladepeche.mr\/index.php?rest_route=\/wp\/v2\/media\/5075"}],"wp:attachment":[{"href":"https:\/\/ladepeche.mr\/index.php?rest_route=%2Fwp%2Fv2%2Fmedia&parent=10148"}],"wp:term":[{"taxonomy":"category","embeddable":true,"href":"https:\/\/ladepeche.mr\/index.php?rest_route=%2Fwp%2Fv2%2Fcategories&post=10148"},{"taxonomy":"post_tag","embeddable":true,"href":"https:\/\/ladepeche.mr\/index.php?rest_route=%2Fwp%2Fv2%2Ftags&post=10148"}],"curies":[{"name":"wp","href":"https:\/\/api.w.org\/{rel}","templated":true}]}}