{"id":10151,"date":"2024-07-07T13:43:39","date_gmt":"2024-07-07T13:43:39","guid":{"rendered":"https:\/\/ladepeche.mr\/?p=10151"},"modified":"2024-07-07T13:43:39","modified_gmt":"2024-07-07T13:43:39","slug":"lors-dun-sommet-inedit-les-presidents-de-laes-actent-la-rupture-avec-la-cedeao","status":"publish","type":"post","link":"https:\/\/ladepeche.mr\/?p=10151","title":{"rendered":"Lors d\u2019un sommet in\u00e9dit, les pr\u00e9sidents de l\u2019AES actent la rupture avec la Cedeao"},"content":{"rendered":"<p>Abdourahamane Tiani a affirm\u00e9 samedi que le peuple du Niger, ainsi que ceux du Burkina et du Mali voisins, avaient \u00ab irr\u00e9vocablement tourn\u00e9 le dos \u00e0 la Cedeao \u00bb, en ouverture, \u00e0 Niamey, du premier sommet r\u00e9unissant les leaders des trois pays sah\u00e9liens.<\/p>\n<p>\u00ab Nos peuples ont irr\u00e9vocablement tourn\u00e9 le dos \u00e0 la Cedeao \u00bb (Communaut\u00e9 \u00e9conomique des \u00c9tats d\u2019Afrique de l\u2019Ouest), a lanc\u00e9 le g\u00e9n\u00e9ral Abdourahamane Tiani ce samedi, lors de l\u2019ouverture du sommet de l\u2019Alliance des \u00c9tats du Sahel (AES), qui regroupe le Niger, le Burkina Faso et le Mali, ces trois pays qui ont claqu\u00e9 la porte de l\u2019organisation plus t\u00f4t cette ann\u00e9e.<\/p>\n<p>Devant ses homologues burkinab\u00e8, Ibrahim Traor\u00e9, et malien, Assimi Go\u00efta, le chef du r\u00e9gime militaire au pouvoir au Niger a appel\u00e9 \u00e0 faire de l\u2019AES une \u00ab alternative \u00e0 tout regroupement r\u00e9gional factice en construisant une communaut\u00e9 souveraine des peuples, une communaut\u00e9 \u00e9loign\u00e9e de la mainmise des puissances \u00e9trang\u00e8res \u00bb.<\/p>\n<p>Les trois pays de l\u2019AES, tous gouvern\u00e9s par des militaires arriv\u00e9s au pouvoir par des coups d\u2019\u00c9tat, avaient annonc\u00e9 en janvier leur d\u00e9part de la Cedeao, une organisation qu\u2019ils jugent instrumentalis\u00e9e par la France, ex-puissance coloniale avec laquelle ils ont multipli\u00e9 les actes de rupture.<\/p>\n<p><strong>Sommet des chefs d\u2019\u00c9tat de la Cedeao dimanche<\/strong><\/p>\n<p>Les relations AES-Cedeao se sont consid\u00e9rablement d\u00e9t\u00e9rior\u00e9es \u00e0 la suite du coup d\u2019\u00c9tat du 26 juillet 2023 ayant port\u00e9 le g\u00e9n\u00e9ral Tiani au pouvoir. La Cedeao avait alors pris de lourdes sanctions \u00e9conomiques contre le Niger et menac\u00e9 d\u2019intervenir militairement pour r\u00e9tablir le pr\u00e9sident d\u00e9chu, Mohamed Bazoum, dans ses fonctions. Les sanctions ont depuis \u00e9t\u00e9 lev\u00e9es, en f\u00e9vrier, mais les relations entre les deux camps restent glaciales.<\/p>\n<p>La Cedeao doit tenir dimanche un sommet de ses chefs d\u2019\u00c9tat, \u00e0 Abuja, o\u00f9 la question des rapports avec l\u2019AES sera au menu des discussions. Le sommet de Niamey rassemble samedi pour la premi\u00e8re fois les pr\u00e9sidents de l\u2019Alliance des \u00c9tats du Sahel (AES), une organisation cr\u00e9\u00e9e en septembre 2023 qui r\u00e9unit le Burkina, le Mali et le Niger, tous confront\u00e9s \u00e0 des violences jihadistes r\u00e9currentes.<\/p>\n<p>\u00ab L\u2019AES constitue le seul regroupement sous-r\u00e9gional efficient dans le domaine de la lutte contre le terrorisme, la Cedeao ayant brill\u00e9 par son d\u00e9ficit d\u2019implication dans cette lutte \u00bb, a \u00e9galement d\u00e9clar\u00e9 le g\u00e9n\u00e9ral Tiani samedi.<\/p>\n<p>(avec AFP)<\/p>\n<p>JA via cridem<\/p>\n","protected":false},"excerpt":{"rendered":"<p>Abdourahamane Tiani a affirm\u00e9 samedi que le peuple du Niger, ainsi que ceux du Burkina et du Mali voisins, avaient \u00ab irr\u00e9vocablement tourn\u00e9 le dos \u00e0 la Cedeao \u00bb, en ouverture, \u00e0 Niamey, du premier sommet r\u00e9unissant les leaders des trois pays sah\u00e9liens. \u00ab Nos peuples ont irr\u00e9vocablement tourn\u00e9 le dos \u00e0 la Cedeao \u00bb &hellip;<\/p>\n","protected":false},"author":2,"featured_media":10152,"comment_status":"open","ping_status":"open","sticky":false,"template":"","format":"standard","meta":{"footnotes":""},"categories":[18,28],"tags":[],"class_list":["post-10151","post","type-post","status-publish","format-standard","has-post-thumbnail","hentry","category-actualites","category-sahel"],"_links":{"self":[{"href":"https:\/\/ladepeche.mr\/index.php?rest_route=\/wp\/v2\/posts\/10151","targetHints":{"allow":["GET"]}}],"collection":[{"href":"https:\/\/ladepeche.mr\/index.php?rest_route=\/wp\/v2\/posts"}],"about":[{"href":"https:\/\/ladepeche.mr\/index.php?rest_route=\/wp\/v2\/types\/post"}],"author":[{"embeddable":true,"href":"https:\/\/ladepeche.mr\/index.php?rest_route=\/wp\/v2\/users\/2"}],"replies":[{"embeddable":true,"href":"https:\/\/ladepeche.mr\/index.php?rest_route=%2Fwp%2Fv2%2Fcomments&post=10151"}],"version-history":[{"count":1,"href":"https:\/\/ladepeche.mr\/index.php?rest_route=\/wp\/v2\/posts\/10151\/revisions"}],"predecessor-version":[{"id":10153,"href":"https:\/\/ladepeche.mr\/index.php?rest_route=\/wp\/v2\/posts\/10151\/revisions\/10153"}],"wp:featuredmedia":[{"embeddable":true,"href":"https:\/\/ladepeche.mr\/index.php?rest_route=\/wp\/v2\/media\/10152"}],"wp:attachment":[{"href":"https:\/\/ladepeche.mr\/index.php?rest_route=%2Fwp%2Fv2%2Fmedia&parent=10151"}],"wp:term":[{"taxonomy":"category","embeddable":true,"href":"https:\/\/ladepeche.mr\/index.php?rest_route=%2Fwp%2Fv2%2Fcategories&post=10151"},{"taxonomy":"post_tag","embeddable":true,"href":"https:\/\/ladepeche.mr\/index.php?rest_route=%2Fwp%2Fv2%2Ftags&post=10151"}],"curies":[{"name":"wp","href":"https:\/\/api.w.org\/{rel}","templated":true}]}}