{"id":10162,"date":"2024-07-07T14:17:49","date_gmt":"2024-07-07T14:17:49","guid":{"rendered":"https:\/\/ladepeche.mr\/?p=10162"},"modified":"2024-07-07T14:17:49","modified_gmt":"2024-07-07T14:17:49","slug":"le-reformateur-masoud-pezeshkian-elu-nouveau-president-de-liran","status":"publish","type":"post","link":"https:\/\/ladepeche.mr\/?p=10162","title":{"rendered":"Le r\u00e9formateur Masoud Pezeshkian \u00e9lu nouveau pr\u00e9sident de l&#8217;Iran"},"content":{"rendered":"<p>Masoud Pezeshkian, d\u00e9put\u00e9 r\u00e9formateur chevronn\u00e9 iranien, a \u00e9t\u00e9 \u00e9lu nouveau pr\u00e9sident de la R\u00e9publique islamique d&#8217;Iran apr\u00e8s s\u2019\u00eatre impos\u00e9 sur son rival conservateur Sa\u00efd Jalili au second tour de l&#8217;\u00e9lection pr\u00e9sidentielle.<\/p>\n<p>Pezeshkian a recueilli 16 384 403 voix sur les 30 530 157 \u00e9lecteurs qui ont particip\u00e9 au vote, Jalili a quant \u00e0 lui recueilli 13 538 179 au second tour, o\u00f9 le taux de participation \u00e9tait relativement \u00e9lev\u00e9.<\/p>\n<p>Les bureaux de vote ont ouvert leurs portes vendredi \u00e0 8 heures du matin, heure locale, dans tout le pays et le vote a \u00e9t\u00e9 prolong\u00e9 \u00e0 trois reprises jusqu\u2019\u00e0 minuit, avec plus de 30 millions de personnes qui se sont d\u00e9plac\u00e9es pour d\u00e9poser leurs voix.<\/p>\n<p>Le taux de participation au second tour de l\u2019\u00e9lection pr\u00e9sidentielle s\u2019est \u00e9lev\u00e9 \u00e0 plus de 50 %, un taux nettement sup\u00e9rieur \u00e0 celui du premier tour qui \u00e9tait de 40 % et \u00e0 celui de l&#8217;\u00e9lection pr\u00e9sidentielle de 2021 qui avait \u00e9t\u00e9 recens\u00e9 \u00e0 48,8 %.<\/p>\n<p>Selon les chiffres officiels, environ 61 millions d&#8217;Iraniens \u00e9taient \u00e9ligibles pour voter dans cette \u00e9lection, sans compter les Iraniens vivant \u00e0 l&#8217;\u00e9tranger, dont le nombre est estim\u00e9 \u00e0 approximativement 10 millions de personnes.<\/p>\n<p>Le d\u00e9compte des voix a commenc\u00e9 imm\u00e9diatement apr\u00e8s la fermeture des bureaux de vote \u00e0 minuit et la premi\u00e8re mise \u00e0 jour a \u00e9t\u00e9 annonc\u00e9e par le minist\u00e8re de l&#8217;Int\u00e9rieur \u00e0 02 h 30 du matin (heure locale).<\/p>\n<p>Lors de la premi\u00e8re mise \u00e0 jour, Pezeshkian \u00e9tait l\u00e9g\u00e8rement en t\u00eate avec 1,26 million de voix contre 1,24 million pour Jalili.<\/p>\n<p>Mais au fur et \u00e0 mesure du d\u00e9compte, l\u2019\u00e9cart s\u2019est creus\u00e9 entre les deux candidats.<\/p>\n<p>Le r\u00e9sultat final a \u00e9t\u00e9 annonc\u00e9 par le minist\u00e8re de l\u2019Int\u00e9rieur vers 06 h 45 du matin, avec la victoire de Pezeshkian qui a obtenu plus de 16,3 millions de voix contre 13,5 millions de voix pour Jalili, battant ainsi nettement le candidat conservateur.<\/p>\n<p>Lors des \u00e9lections du 28 juin, Pezeshkian a obtenu 10,4 millions de voix sur 24,5 millions de votes d\u00e9pouill\u00e9s. Jalili avait, pour sa part, termin\u00e9 deuxi\u00e8me avec 9,4 millions.<\/p>\n<p>Apr\u00e8s le second tour des \u00e9lections, les deux candidats ont lanc\u00e9 des appels passionn\u00e9s exhortant les \u00e9lecteurs \u00e0 participer au second tour.<\/p>\n<p>Avant m\u00eame l&#8217;annonce des r\u00e9sultats d\u00e9finitifs, les partisans du d\u00e9put\u00e9 r\u00e9formateur de la ville de Tabriz, dans le nord-ouest du pays, sont descendus dans les rues de T\u00e9h\u00e9ran et d&#8217;autres villes pour c\u00e9l\u00e9brer sa victoire.<\/p>\n<p>Pezeshkian remplace Ebrahim Ra\u00efssi, d\u00e9c\u00e9d\u00e9 dans un crash d&#8217;h\u00e9licopt\u00e8re le 19 mai dernier avec 7 autres personnes, donnant lieu \u00e0 l&#8217;\u00e9lection pr\u00e9sidentielle anticip\u00e9e comme l&#8217;exige la Constitution iranienne.<\/p>\n<p>Personnalit\u00e9 politique discr\u00e8te, Pezeshkian a \u00e9t\u00e9 ministre de la Sant\u00e9 dans le gouvernement de Mohammad Khatami (2001-2005) en plus de repr\u00e9senter Tabriz au Parlement depuis 2008.<\/p>\n<p>M\u00e9decin cardiologue de profession, Pezeshkian a \u00e9galement dirig\u00e9 l\u2019Universit\u00e9 des sciences m\u00e9dicales de Tabriz, l\u2019une des principales institutions m\u00e9dicales du nord de l\u2019Iran.<\/p>\n<p>Ses deux pr\u00e9c\u00e9dentes candidatures \u00e0 la pr\u00e9sidentielle en 2013 et 2021 \u00e9taient infructueuses.<\/p>\n<p>https:\/\/www.aa.com.tr\/fr\/monde\/le-r%C3%A9formateur-masoud-pezeshkian-%C3%A9lu-nouveau-pr%C3%A9sident-de-liran\/3267682<\/p>\n","protected":false},"excerpt":{"rendered":"<p>Masoud Pezeshkian, d\u00e9put\u00e9 r\u00e9formateur chevronn\u00e9 iranien, a \u00e9t\u00e9 \u00e9lu nouveau pr\u00e9sident de la R\u00e9publique islamique d&#8217;Iran apr\u00e8s s\u2019\u00eatre impos\u00e9 sur son rival conservateur Sa\u00efd Jalili au second tour de l&#8217;\u00e9lection pr\u00e9sidentielle. Pezeshkian a recueilli 16 384 403 voix sur les 30 530 157 \u00e9lecteurs qui ont particip\u00e9 au vote, Jalili a quant \u00e0 lui recueilli &hellip;<\/p>\n","protected":false},"author":2,"featured_media":10163,"comment_status":"open","ping_status":"open","sticky":false,"template":"","format":"standard","meta":{"footnotes":""},"categories":[18,29],"tags":[],"class_list":["post-10162","post","type-post","status-publish","format-standard","has-post-thumbnail","hentry","category-actualites","category-monde"],"_links":{"self":[{"href":"https:\/\/ladepeche.mr\/index.php?rest_route=\/wp\/v2\/posts\/10162","targetHints":{"allow":["GET"]}}],"collection":[{"href":"https:\/\/ladepeche.mr\/index.php?rest_route=\/wp\/v2\/posts"}],"about":[{"href":"https:\/\/ladepeche.mr\/index.php?rest_route=\/wp\/v2\/types\/post"}],"author":[{"embeddable":true,"href":"https:\/\/ladepeche.mr\/index.php?rest_route=\/wp\/v2\/users\/2"}],"replies":[{"embeddable":true,"href":"https:\/\/ladepeche.mr\/index.php?rest_route=%2Fwp%2Fv2%2Fcomments&post=10162"}],"version-history":[{"count":1,"href":"https:\/\/ladepeche.mr\/index.php?rest_route=\/wp\/v2\/posts\/10162\/revisions"}],"predecessor-version":[{"id":10164,"href":"https:\/\/ladepeche.mr\/index.php?rest_route=\/wp\/v2\/posts\/10162\/revisions\/10164"}],"wp:featuredmedia":[{"embeddable":true,"href":"https:\/\/ladepeche.mr\/index.php?rest_route=\/wp\/v2\/media\/10163"}],"wp:attachment":[{"href":"https:\/\/ladepeche.mr\/index.php?rest_route=%2Fwp%2Fv2%2Fmedia&parent=10162"}],"wp:term":[{"taxonomy":"category","embeddable":true,"href":"https:\/\/ladepeche.mr\/index.php?rest_route=%2Fwp%2Fv2%2Fcategories&post=10162"},{"taxonomy":"post_tag","embeddable":true,"href":"https:\/\/ladepeche.mr\/index.php?rest_route=%2Fwp%2Fv2%2Ftags&post=10162"}],"curies":[{"name":"wp","href":"https:\/\/api.w.org\/{rel}","templated":true}]}}