{"id":10165,"date":"2024-07-07T15:00:41","date_gmt":"2024-07-07T15:00:41","guid":{"rendered":"https:\/\/ladepeche.mr\/?p=10165"},"modified":"2024-07-07T14:25:36","modified_gmt":"2024-07-07T14:25:36","slug":"mauritanie-naufrage-tragique-et-appel-pressant-du-premier-ministre-senegalais","status":"publish","type":"post","link":"https:\/\/ladepeche.mr\/?p=10165","title":{"rendered":"Mauritanie : Naufrage Tragique et Appel Pressant du Premier Ministre S\u00e9n\u00e9galais"},"content":{"rendered":"<p>Alors qu\u2019ils tentaient de rallier les c\u00f4tes espagnoles des Canaries, pr\u00e8s de 90 personnes ont p\u00e9ri dans le naufrage d\u2019un bateau avec \u00e0 son bord 170 migrants, au large de la Mauritanie.<\/p>\n<p>Quelques jours apr\u00e8s le drame, le Premier ministre du S\u00e9n\u00e9gal a lanc\u00e9 un appel pressant \u00e0 la jeunesse africaine. Ousmane Sonko a soulign\u00e9 que\u00a0<i>l\u2019avenir du monde est en Afrique<\/i>\u00a0lors d\u2019un discours en plein air \u00e0 l\u2019universit\u00e9 Gaston Berger de Saint-Louis (nord) diffus\u00e9 sur sa page Facebook.<\/p>\n<p>Il a insist\u00e9 sur le fait que\u00a0<i>la solution ne se trouve pas dans les pays que certains jeunes veulent rejoindre, en crise ou en d\u00e9but de crise. L\u2019avenir du monde se trouve en Afrique et vous devez en \u00eatre conscients<\/i>.<\/p>\n<p>Sonko a pr\u00e9cis\u00e9 que l\u2019Afrique est\u00a0<i>le seul continent qui a encore une marge de progression et de croissance importante, et qui devrait porter la croissance du monde dans les 50 prochaines ann\u00e9es. La question est de savoir si cette croissance se fera par les autres et sans les Africains ou principalement par les Africains<\/i>.<\/p>\n<p>Il a affirm\u00e9 que\u00a0<i>personne ne fera notre d\u00e9veloppement \u00e0 notre place<\/i>\u00a0et a d\u00e9nonc\u00e9 le pillage des ressources naturelles, qui laisse la pauvret\u00e9 et le ch\u00f4mage poussant les jeunes \u00e0 partir.<\/p>\n<p>https:\/\/senego.com\/mauritanie-naufrage-tragique-et-appel-pressant-du-premier-ministre-senegalais_1720258.html<\/p>\n","protected":false},"excerpt":{"rendered":"<p>Alors qu\u2019ils tentaient de rallier les c\u00f4tes espagnoles des Canaries, pr\u00e8s de 90 personnes ont p\u00e9ri dans le naufrage d\u2019un bateau avec \u00e0 son bord 170 migrants, au large de la Mauritanie. Quelques jours apr\u00e8s le drame, le Premier ministre du S\u00e9n\u00e9gal a lanc\u00e9 un appel pressant \u00e0 la jeunesse africaine. Ousmane Sonko a soulign\u00e9 &hellip;<\/p>\n","protected":false},"author":2,"featured_media":10169,"comment_status":"open","ping_status":"open","sticky":false,"template":"","format":"standard","meta":{"footnotes":""},"categories":[18,29],"tags":[],"class_list":["post-10165","post","type-post","status-publish","format-standard","has-post-thumbnail","hentry","category-actualites","category-monde"],"_links":{"self":[{"href":"https:\/\/ladepeche.mr\/index.php?rest_route=\/wp\/v2\/posts\/10165","targetHints":{"allow":["GET"]}}],"collection":[{"href":"https:\/\/ladepeche.mr\/index.php?rest_route=\/wp\/v2\/posts"}],"about":[{"href":"https:\/\/ladepeche.mr\/index.php?rest_route=\/wp\/v2\/types\/post"}],"author":[{"embeddable":true,"href":"https:\/\/ladepeche.mr\/index.php?rest_route=\/wp\/v2\/users\/2"}],"replies":[{"embeddable":true,"href":"https:\/\/ladepeche.mr\/index.php?rest_route=%2Fwp%2Fv2%2Fcomments&post=10165"}],"version-history":[{"count":1,"href":"https:\/\/ladepeche.mr\/index.php?rest_route=\/wp\/v2\/posts\/10165\/revisions"}],"predecessor-version":[{"id":10170,"href":"https:\/\/ladepeche.mr\/index.php?rest_route=\/wp\/v2\/posts\/10165\/revisions\/10170"}],"wp:featuredmedia":[{"embeddable":true,"href":"https:\/\/ladepeche.mr\/index.php?rest_route=\/wp\/v2\/media\/10169"}],"wp:attachment":[{"href":"https:\/\/ladepeche.mr\/index.php?rest_route=%2Fwp%2Fv2%2Fmedia&parent=10165"}],"wp:term":[{"taxonomy":"category","embeddable":true,"href":"https:\/\/ladepeche.mr\/index.php?rest_route=%2Fwp%2Fv2%2Fcategories&post=10165"},{"taxonomy":"post_tag","embeddable":true,"href":"https:\/\/ladepeche.mr\/index.php?rest_route=%2Fwp%2Fv2%2Ftags&post=10165"}],"curies":[{"name":"wp","href":"https:\/\/api.w.org\/{rel}","templated":true}]}}