{"id":10172,"date":"2024-07-10T12:03:31","date_gmt":"2024-07-10T12:03:31","guid":{"rendered":"https:\/\/ladepeche.mr\/?p=10172"},"modified":"2024-07-10T12:04:23","modified_gmt":"2024-07-10T12:04:23","slug":"session-consacree-au-dialogue-ministeriel-sur-la-participation-de-lunion-africaine-en-tant-que-membre-permanent-du-g20-la-mauritanie-mene-les-debats","status":"publish","type":"post","link":"https:\/\/ladepeche.mr\/?p=10172","title":{"rendered":"Dialogue minist\u00e9riel sur la participation de l&#8217;Ua en tant que membre permanent du G20: La Mauritanie m\u00e8ne les d\u00e9bats"},"content":{"rendered":"<p>Notre pays pr\u00e9side la session consacr\u00e9e au dialogue minist\u00e9riel sur la participation de l&#8217;Union africaine en tant que membre permanent du G20<\/p>\n<p>Son Excellence le ministre de l&#8217;\u00c9conomie et du D\u00e9veloppement durable, Abdessalam Ould Mohamed Saleh, a pr\u00e9sid\u00e9, dans le cadre des r\u00e9unions minist\u00e9rielles du comit\u00e9 technique sp\u00e9cialis\u00e9 en affaires financi\u00e8res et mon\u00e9taires, planification et int\u00e9gration de l&#8217;Union africaine lors de sa septi\u00e8me session tenue \u00e0 Tunis, la session de haut niveau du 6 juillet consacr\u00e9e au dialogue minist\u00e9riel sur la participation de l&#8217;Union africaine en tant que membre permanent du G20 et le briefing sur le groupe de travail charg\u00e9 de la r\u00e9forme du cadre financier mondial.<\/p>\n<p>Cette session a \u00e9t\u00e9 marqu\u00e9e par des pr\u00e9sentations importantes de l&#8217;ambassadeur Albert M. Muchanga, Commissaire au Commerce et \u00e0 l&#8217;Industrie de la Commission de l&#8217;Union africaine, et de Dr. Hanane Morsi, Secr\u00e9taire ex\u00e9cutive adjointe et \u00e9conomiste en chef de la Commission \u00e9conomique pour l&#8217;Afrique des Nations Unies (CEA). Elle a \u00e9galement vu des interventions de ministres des Finances et de la Planification \u00e9conomique, de gouverneurs de banques centrales, ainsi que de repr\u00e9sentants de certaines organisations internationales.<\/p>\n<p>En marge de ces r\u00e9unions, le ministre a tenu plusieurs rencontres le 7 juillet avec certains responsables, notamment l&#8217;ambassadeur Albert L. Muchanga, Commissaire charg\u00e9 du Commerce et de l&#8217;Industrie \u00e0 la Commission de l&#8217;Union africaine, et le Pr. Kevin Chika Urama, repr\u00e9sentant du pr\u00e9sident du Groupe de la Banque africaine de d\u00e9veloppement \u00e0 ces r\u00e9unions. Ces discussions ont port\u00e9 sur divers aspects de la coop\u00e9ration distingu\u00e9e entre notre pays et ces institutions africaines, ainsi que sur les moyens de les renforcer pour accompagner les strat\u00e9gies et programmes de d\u00e9veloppement de notre pays.<\/p>\n<p>Les discussions ont \u00e9t\u00e9 ax\u00e9es sur la pr\u00e9paration des prochaines \u00e9tapes concernant les r\u00e9unions du G20, dont l&#8217;Union africaine est devenue membre permanent pour la premi\u00e8re fois sous la pr\u00e9sidence de la Mauritanie. Les deux parties ont soulign\u00e9 la n\u00e9cessit\u00e9 de coordonner les efforts entre les parties concern\u00e9es afin d&#8217;assurer une participation r\u00e9ussie de l&#8217;Union africaine aux r\u00e9unions du G20 pr\u00e9vues au Br\u00e9sil ce mois-ci.<\/p>\n<p>Ont pris part \u00e0 ces rencontres M. Sidi Ahmed Ould Bouh, Conseiller \u00e0 la Pr\u00e9sidence de la R\u00e9publique, M. Moustapha Sidi Mohamed, Conseiller \u00e9conomique du ministre de l&#8217;\u00c9conomie et du D\u00e9veloppement durable, et M. Cheikhna Beddad, Directeur g\u00e9n\u00e9ral des strat\u00e9gies et politiques de d\u00e9veloppement au minist\u00e8re.<\/p>\n<p>MEcDD<\/p>\n","protected":false},"excerpt":{"rendered":"<p>Notre pays pr\u00e9side la session consacr\u00e9e au dialogue minist\u00e9riel sur la participation de l&#8217;Union africaine en tant que membre permanent du G20 Son Excellence le ministre de l&#8217;\u00c9conomie et du D\u00e9veloppement durable, Abdessalam Ould Mohamed Saleh, a pr\u00e9sid\u00e9, dans le cadre des r\u00e9unions minist\u00e9rielles du comit\u00e9 technique sp\u00e9cialis\u00e9 en affaires financi\u00e8res et mon\u00e9taires, planification et &hellip;<\/p>\n","protected":false},"author":2,"featured_media":10173,"comment_status":"open","ping_status":"open","sticky":false,"template":"","format":"standard","meta":{"footnotes":""},"categories":[18,2],"tags":[],"class_list":["post-10172","post","type-post","status-publish","format-standard","has-post-thumbnail","hentry","category-actualites","category-economie"],"_links":{"self":[{"href":"https:\/\/ladepeche.mr\/index.php?rest_route=\/wp\/v2\/posts\/10172","targetHints":{"allow":["GET"]}}],"collection":[{"href":"https:\/\/ladepeche.mr\/index.php?rest_route=\/wp\/v2\/posts"}],"about":[{"href":"https:\/\/ladepeche.mr\/index.php?rest_route=\/wp\/v2\/types\/post"}],"author":[{"embeddable":true,"href":"https:\/\/ladepeche.mr\/index.php?rest_route=\/wp\/v2\/users\/2"}],"replies":[{"embeddable":true,"href":"https:\/\/ladepeche.mr\/index.php?rest_route=%2Fwp%2Fv2%2Fcomments&post=10172"}],"version-history":[{"count":2,"href":"https:\/\/ladepeche.mr\/index.php?rest_route=\/wp\/v2\/posts\/10172\/revisions"}],"predecessor-version":[{"id":10175,"href":"https:\/\/ladepeche.mr\/index.php?rest_route=\/wp\/v2\/posts\/10172\/revisions\/10175"}],"wp:featuredmedia":[{"embeddable":true,"href":"https:\/\/ladepeche.mr\/index.php?rest_route=\/wp\/v2\/media\/10173"}],"wp:attachment":[{"href":"https:\/\/ladepeche.mr\/index.php?rest_route=%2Fwp%2Fv2%2Fmedia&parent=10172"}],"wp:term":[{"taxonomy":"category","embeddable":true,"href":"https:\/\/ladepeche.mr\/index.php?rest_route=%2Fwp%2Fv2%2Fcategories&post=10172"},{"taxonomy":"post_tag","embeddable":true,"href":"https:\/\/ladepeche.mr\/index.php?rest_route=%2Fwp%2Fv2%2Ftags&post=10172"}],"curies":[{"name":"wp","href":"https:\/\/api.w.org\/{rel}","templated":true}]}}