{"id":10177,"date":"2024-07-10T12:12:31","date_gmt":"2024-07-10T12:12:31","guid":{"rendered":"https:\/\/ladepeche.mr\/?p=10177"},"modified":"2024-07-10T12:12:31","modified_gmt":"2024-07-10T12:12:31","slug":"senegal-la-cedeao-designe-le-president-senegalais-facilitateur-pour-discuter-avec-laes","status":"publish","type":"post","link":"https:\/\/ladepeche.mr\/?p=10177","title":{"rendered":"S\u00e9n\u00e9gal: la C\u00e9d\u00e9ao d\u00e9signe le pr\u00e9sident s\u00e9n\u00e9galais facilitateur pour discuter avec l\u2019AES"},"content":{"rendered":"<p>C\u2019est une nouvelle casquette pour le pr\u00e9sident du S\u00e9n\u00e9gal, Bassirou Diomaye Faye. \u00c0 l\u2019issue du sommet de la Communaut\u00e9 \u00e9conomique de l&#8217;Afrique de l&#8217;Ouest (C\u00e9d\u00e9ao) qui s\u2019est tenu, dimanche 7 juillet, \u00e0 Abuja, l\u2019organisation r\u00e9gionale a d\u00e9sign\u00e9 le chef de l\u2019\u00c9tat s\u00e9n\u00e9galais, \u00e9lu en mars dernier, facilitateur de la C\u00e9d\u00e9ao dans les discussions avec l\u2019Alliance des \u00c9tats du Sahel (AES).<\/p>\n<p>Celui dont c\u2019\u00e9tait le premier sommet de ce genre sera accompagn\u00e9 de Faure Gnassingb\u00e9, le pr\u00e9sident togolais, dans cette t\u00e2che. Si le p\u00e9rim\u00e8tre et les d\u00e9tails de la mission du pr\u00e9sident Bassirou Diomaye Faye n\u2019ont pas encore \u00e9t\u00e9 communiqu\u00e9s, il aura \u00e0 \u00e9changer avec le Burkina Faso, le Mali et le Niger.<\/p>\n<p>Trois pays qui ont annonc\u00e9, samedi 6 juillet, la cr\u00e9ation d\u2019une conf\u00e9d\u00e9ration mais que le pr\u00e9sident s\u00e9n\u00e9galais aimerait voir rester dans la C\u00e9d\u00e9ao.<\/p>\n<p>Juste apr\u00e8s avoir atterri \u00e0 Dakar, Bassirou Diomaye Faye a \u00e9voqu\u00e9 cette nouvelle mission, en commen\u00e7ant par rappeler le r\u00f4le particulier occup\u00e9 par la diplomatie s\u00e9n\u00e9galaise dans la sous-r\u00e9gion : \u00ab Le S\u00e9n\u00e9gal est un grand pays. Pas par sa superficie, mais sur le plan des hommes qui ont incarn\u00e9 ses institutions. Particuli\u00e8rement ceux qui ont anim\u00e9 sa diplomatie et qui nous ont forg\u00e9 une respectabilit\u00e9 que nous devons pr\u00e9server \u00bb. Une respectabilit\u00e9 \u00e0 laquelle le pr\u00e9sident s\u00e9n\u00e9galais veut d\u00e9sormais aussi \u0153uvrer. Apr\u00e8s son \u00e9lection en mars, il s\u2019\u00e9tait rendu au Burkina Faso et au Mali le 30 mai.<\/p>\n<p>Bassirou Diomaye Faye estime n\u00e9cessaire d\u2019agir avant que le d\u00e9part des trois pays de l\u2019AES de la C\u00e9d\u00e9ao ne soit effectif, soit le 28 janvier 2025, selon le trait\u00e9 de l\u2019organisation. Pour lui, cette m\u00e9diation doit profiter \u00e0 tout le monde :<\/p>\n<p>\u00ab Cela a \u00e9t\u00e9 consacr\u00e9 aujourd\u2019hui [dimanche 7 juillet] dans la r\u00e9solution de la C\u00e9d\u00e9ao qui a d\u00e9cid\u00e9 de travailler \u00e0 l&#8217;apaisement entre l&#8217;organisation et ces pays qui sont encore membres parce que le d\u00e9lai auquel leurs vell\u00e9it\u00e9s de d\u00e9part doivent \u00eatre ent\u00e9rin\u00e9es, n&#8217;est pas encore arriv\u00e9 \u00bb.<\/p>\n<p>\u00ab Entre-temps, nous ne pouvons pas rester les bras crois\u00e9s. Notre responsabilit\u00e9, c&#8217;est de travailler \u00e0 rapprocher les positions, \u00e0 les r\u00e9concilier, \u00e0 faire en sorte qu&#8217;il puisse y avoir une plage de dialogue entre l&#8217;organisation et les parties prenantes, notamment l\u2019Alliance des \u00c9tats du Sahel (AES). Et j&#8217;esp\u00e8re que d&#8217;ici la fin du d\u00e9lai de pr\u00e9avis, qu&#8217;il y aura assez de discussions qui permettront de r\u00e9concilier les positions et de travailler \u00e0 renforcer l&#8217;organisation afin qu&#8217;elle prenne mieux en charge les d\u00e9fis communs auxquels nous sommes confront\u00e9s \u00bb, a-t-il d\u00e9clar\u00e9.<\/p>\n<p>Dimanche 7 juillet, lors de son discours \u00e0 Abuja, Bassirou Diomaye Faye avait estim\u00e9 que \u00ab ce retrait serait une grande blessure au panafricanisme \u00bb et appel\u00e9 la C\u00e9d\u00e9ao \u00e0 s\u2019adapter aux r\u00e9alit\u00e9s de son temps.<\/p>\n<p>Rfi via cridem<\/p>\n","protected":false},"excerpt":{"rendered":"<p>C\u2019est une nouvelle casquette pour le pr\u00e9sident du S\u00e9n\u00e9gal, Bassirou Diomaye Faye. \u00c0 l\u2019issue du sommet de la Communaut\u00e9 \u00e9conomique de l&#8217;Afrique de l&#8217;Ouest (C\u00e9d\u00e9ao) qui s\u2019est tenu, dimanche 7 juillet, \u00e0 Abuja, l\u2019organisation r\u00e9gionale a d\u00e9sign\u00e9 le chef de l\u2019\u00c9tat s\u00e9n\u00e9galais, \u00e9lu en mars dernier, facilitateur de la C\u00e9d\u00e9ao dans les discussions avec l\u2019Alliance &hellip;<\/p>\n","protected":false},"author":2,"featured_media":10178,"comment_status":"open","ping_status":"open","sticky":false,"template":"","format":"standard","meta":{"footnotes":""},"categories":[18,28],"tags":[],"class_list":["post-10177","post","type-post","status-publish","format-standard","has-post-thumbnail","hentry","category-actualites","category-sahel"],"_links":{"self":[{"href":"https:\/\/ladepeche.mr\/index.php?rest_route=\/wp\/v2\/posts\/10177","targetHints":{"allow":["GET"]}}],"collection":[{"href":"https:\/\/ladepeche.mr\/index.php?rest_route=\/wp\/v2\/posts"}],"about":[{"href":"https:\/\/ladepeche.mr\/index.php?rest_route=\/wp\/v2\/types\/post"}],"author":[{"embeddable":true,"href":"https:\/\/ladepeche.mr\/index.php?rest_route=\/wp\/v2\/users\/2"}],"replies":[{"embeddable":true,"href":"https:\/\/ladepeche.mr\/index.php?rest_route=%2Fwp%2Fv2%2Fcomments&post=10177"}],"version-history":[{"count":1,"href":"https:\/\/ladepeche.mr\/index.php?rest_route=\/wp\/v2\/posts\/10177\/revisions"}],"predecessor-version":[{"id":10179,"href":"https:\/\/ladepeche.mr\/index.php?rest_route=\/wp\/v2\/posts\/10177\/revisions\/10179"}],"wp:featuredmedia":[{"embeddable":true,"href":"https:\/\/ladepeche.mr\/index.php?rest_route=\/wp\/v2\/media\/10178"}],"wp:attachment":[{"href":"https:\/\/ladepeche.mr\/index.php?rest_route=%2Fwp%2Fv2%2Fmedia&parent=10177"}],"wp:term":[{"taxonomy":"category","embeddable":true,"href":"https:\/\/ladepeche.mr\/index.php?rest_route=%2Fwp%2Fv2%2Fcategories&post=10177"},{"taxonomy":"post_tag","embeddable":true,"href":"https:\/\/ladepeche.mr\/index.php?rest_route=%2Fwp%2Fv2%2Ftags&post=10177"}],"curies":[{"name":"wp","href":"https:\/\/api.w.org\/{rel}","templated":true}]}}