{"id":10180,"date":"2024-07-10T13:03:14","date_gmt":"2024-07-10T13:03:14","guid":{"rendered":"https:\/\/ladepeche.mr\/?p=10180"},"modified":"2024-07-10T13:16:48","modified_gmt":"2024-07-10T13:16:48","slug":"liberation-des-emeutiers-geste-dapaisement-mais-mesure-musclee-contre-les-etrangers","status":"publish","type":"post","link":"https:\/\/ladepeche.mr\/?p=10180","title":{"rendered":"Lib\u00e9ration des \u00e9meutiers\u00a0: Geste d\u2019apaisement mais mesure muscl\u00e9e contre les \u00e9trangers"},"content":{"rendered":"<p>Le minist\u00e8re de l\u2019int\u00e9rieur a lib\u00e9r\u00e9 des dizaines de personnes arr\u00eat\u00e9es ayant particip\u00e9 aux \u00e9meutes qui ont suivi l\u2019annonce des r\u00e9sultats de l\u2019\u00e9lection pr\u00e9sidentielle.<\/p>\n<p>Trois jeunes manifestants y ont trouv\u00e9 la mort et deux agents de l\u2019ordre public gri\u00e8vement bless\u00e9s.<\/p>\n<p>Le conseil constitutionnel a officiellement proclam\u00e9 les r\u00e9sultats de l\u2019\u00e9lection pr\u00e9sidentielle du 29 juin 2024 actant la victoire au premier tour du pr\u00e9sident sortant, Mohamed Ould Cheikh Ghazouani.<\/p>\n<p>Il \u00e9tait en course contre 6 autres candidats dont seul Biram Dah Abeid, arriv\u00e9 second de cette \u00e9lection, en a contest\u00e9 les r\u00e9sultats donn\u00e9s par la CENI.<\/p>\n<p>La d\u00e9cision de lib\u00e9ration des \u00e9meutiers est per\u00e7ue comme un geste d\u2019apaisement de la part du pouvoir. Cette mesure fait cependant exception des \u00e9trangers arr\u00eat\u00e9s dans ce cadre qui seront sans doute expuls\u00e9s et interdits d\u2019acc\u00e8s ult\u00e9rieurement au territoire mauritanien.<\/p>\n<p>Le minist\u00e8re de l\u2019int\u00e9rieur argue enfin que ces mesures d\u2019\u00e9largissement des jeunes mauritaniens \u00abembrigad\u00e9s \u00bb par des partis dont les intentions seraient malsaines ont \u00e9t\u00e9 prises pour acc\u00e9der aux appels lanc\u00e9s par les notables et les acteurs leaders locaux.<\/p>\n","protected":false},"excerpt":{"rendered":"<p>Le minist\u00e8re de l\u2019int\u00e9rieur a lib\u00e9r\u00e9 des dizaines de personnes arr\u00eat\u00e9es ayant particip\u00e9 aux \u00e9meutes qui ont suivi l\u2019annonce des r\u00e9sultats de l\u2019\u00e9lection pr\u00e9sidentielle. Trois jeunes manifestants y ont trouv\u00e9 la mort et deux agents de l\u2019ordre public gri\u00e8vement bless\u00e9s. Le conseil constitutionnel a officiellement proclam\u00e9 les r\u00e9sultats de l\u2019\u00e9lection pr\u00e9sidentielle du 29 juin 2024 &hellip;<\/p>\n","protected":false},"author":2,"featured_media":10184,"comment_status":"open","ping_status":"open","sticky":false,"template":"","format":"standard","meta":{"footnotes":""},"categories":[18],"tags":[],"class_list":["post-10180","post","type-post","status-publish","format-standard","has-post-thumbnail","hentry","category-actualites"],"_links":{"self":[{"href":"https:\/\/ladepeche.mr\/index.php?rest_route=\/wp\/v2\/posts\/10180","targetHints":{"allow":["GET"]}}],"collection":[{"href":"https:\/\/ladepeche.mr\/index.php?rest_route=\/wp\/v2\/posts"}],"about":[{"href":"https:\/\/ladepeche.mr\/index.php?rest_route=\/wp\/v2\/types\/post"}],"author":[{"embeddable":true,"href":"https:\/\/ladepeche.mr\/index.php?rest_route=\/wp\/v2\/users\/2"}],"replies":[{"embeddable":true,"href":"https:\/\/ladepeche.mr\/index.php?rest_route=%2Fwp%2Fv2%2Fcomments&post=10180"}],"version-history":[{"count":2,"href":"https:\/\/ladepeche.mr\/index.php?rest_route=\/wp\/v2\/posts\/10180\/revisions"}],"predecessor-version":[{"id":10187,"href":"https:\/\/ladepeche.mr\/index.php?rest_route=\/wp\/v2\/posts\/10180\/revisions\/10187"}],"wp:featuredmedia":[{"embeddable":true,"href":"https:\/\/ladepeche.mr\/index.php?rest_route=\/wp\/v2\/media\/10184"}],"wp:attachment":[{"href":"https:\/\/ladepeche.mr\/index.php?rest_route=%2Fwp%2Fv2%2Fmedia&parent=10180"}],"wp:term":[{"taxonomy":"category","embeddable":true,"href":"https:\/\/ladepeche.mr\/index.php?rest_route=%2Fwp%2Fv2%2Fcategories&post=10180"},{"taxonomy":"post_tag","embeddable":true,"href":"https:\/\/ladepeche.mr\/index.php?rest_route=%2Fwp%2Fv2%2Ftags&post=10180"}],"curies":[{"name":"wp","href":"https:\/\/api.w.org\/{rel}","templated":true}]}}