{"id":10182,"date":"2024-07-10T13:09:02","date_gmt":"2024-07-10T13:09:02","guid":{"rendered":"https:\/\/ladepeche.mr\/?p=10182"},"modified":"2024-07-10T13:12:11","modified_gmt":"2024-07-10T13:12:11","slug":"recensement-du-cheptel-le-ghidimagha-fait-ses-comptes","status":"publish","type":"post","link":"https:\/\/ladepeche.mr\/?p=10182","title":{"rendered":"Recensement du cheptel\u00a0: Le Ghidimagha fait ses comptes"},"content":{"rendered":"<p style=\"background: white; margin: 0cm 0cm 12.75pt 0cm;\"><span style=\"font-family: 'Louguiya Bold',serif; color: black;\">\u00a0<\/span><span style=\"font-family: 'Louguiya Bold',serif; color: black;\">Alors que le d\u00e9lai de recensement du b\u00e9tail a \u00e9t\u00e9 repouss\u00e9 de deux semaines encore, le comit\u00e9 r\u00e9gional charg\u00e9 du recensement du cheptel au niveau de la r\u00e9gion du Ghidimagha a rendu les r\u00e9sulats de son enqu\u00eate provisoire.<\/span><\/p>\n<blockquote class=\"wp-embedded-content\" data-secret=\"50rf0jzyTU\"><p><a href=\"https:\/\/ladepeche.mr\/?p=9866\">Elevage\u00a0: La Mauritanie compte son cheptel<\/a><\/p><\/blockquote>\n<p><iframe loading=\"lazy\" class=\"wp-embedded-content\" sandbox=\"allow-scripts\" security=\"restricted\" style=\"position: absolute; clip: rect(1px, 1px, 1px, 1px);\" title=\"\u00ab\u00a0Elevage\u00a0: La Mauritanie compte son cheptel\u00a0\u00bb &#8212; La D\u00e9p\u00eache  de Mauritanie et du Sahel\" src=\"https:\/\/ladepeche.mr\/?p=9866&#038;embed=true#?secret=PdBBl5mDyy#?secret=50rf0jzyTU\" data-secret=\"50rf0jzyTU\" width=\"500\" height=\"282\" frameborder=\"0\" marginwidth=\"0\" marginheight=\"0\" scrolling=\"no\"><\/iframe><\/p>\n<p style=\"background: white; margin: 0cm 0cm 12.75pt 0cm;\"><span style=\"font-family: 'Louguiya Bold',serif; color: black;\">Une r\u00e9union a \u00e9t\u00e9 pr\u00e9sid\u00e9e, mardi, dans ce sens par le gouverneur de la r\u00e9gion Ahmed Ould Mohamed Mahmoud Ould Deh. Une occasion pour se dernier de camper l\u2019ordre du jour en deux points \u00e0 savoir\u00a0: les r\u00e9sultats pr\u00e9liminaires du recensement et la prolongation du d\u00e9lai de recensement compl\u00e9mentaire.<\/span><\/p>\n<p style=\"background: white; margin: 0cm 0cm 12.75pt 0cm;\"><span style=\"font-family: 'Louguiya Bold',serif; color: black;\">Au bout du compte, le recensement, dans sa phase pr\u00e9liminaire, a permis d&#8217;identifier plus de 600.000 b\u00eates ainsi r\u00e9parties:\u00a0<\/span><\/p>\n<p style=\"background: white; box-sizing: border-box; font-variant-ligatures: normal; font-variant-caps: normal; orphans: 2; text-align: start; widows: 2; -webkit-text-stroke-width: 0px; text-decoration-thickness: initial; text-decoration-style: initial; text-decoration-color: initial; word-spacing: 0px; margin: 0cm 0cm 12.75pt 0cm;\"><span style=\"font-family: 'Louguiya Bold',serif; color: black;\">\u2013 Bovins : 384 896 t\u00eates<\/span><\/p>\n<p style=\"background: white; box-sizing: border-box; font-variant-ligatures: normal; font-variant-caps: normal; orphans: 2; text-align: start; widows: 2; -webkit-text-stroke-width: 0px; text-decoration-thickness: initial; text-decoration-style: initial; text-decoration-color: initial; word-spacing: 0px; margin: 0cm 0cm 12.75pt 0cm;\"><span style=\"font-family: 'Louguiya Bold',serif; color: black;\">\u2013 Camelins : 9018 t\u00eates<\/span><\/p>\n<p style=\"background: white; box-sizing: border-box; font-variant-ligatures: normal; font-variant-caps: normal; orphans: 2; text-align: start; widows: 2; -webkit-text-stroke-width: 0px; text-decoration-thickness: initial; text-decoration-style: initial; text-decoration-color: initial; word-spacing: 0px; margin: 0cm 0cm 12.75pt 0cm;\"><span style=\"font-family: 'Louguiya Bold',serif; color: black;\">\u2013 Ovins : 287545 t\u00eates<\/span><\/p>\n<p style=\"background: white; box-sizing: border-box; font-variant-ligatures: normal; font-variant-caps: normal; orphans: 2; text-align: start; widows: 2; -webkit-text-stroke-width: 0px; text-decoration-thickness: initial; text-decoration-style: initial; text-decoration-color: initial; word-spacing: 0px; margin: 0cm 0cm 12.75pt 0cm;\"><span style=\"font-family: 'Louguiya Bold',serif; color: black;\">\u2013 Caprins : 212913 t\u00eates<\/span><\/p>\n<p style=\"background: white; box-sizing: border-box; font-variant-ligatures: normal; font-variant-caps: normal; orphans: 2; text-align: start; widows: 2; -webkit-text-stroke-width: 0px; text-decoration-thickness: initial; text-decoration-style: initial; text-decoration-color: initial; word-spacing: 0px; margin: 0cm 0cm 12.75pt 0cm;\"><span style=\"font-family: 'Louguiya Bold',serif; color: black;\">\u2013 Equins : 5731 t\u00eates<\/span><\/p>\n<p style=\"background: white; box-sizing: border-box; font-variant-ligatures: normal; font-variant-caps: normal; orphans: 2; text-align: start; widows: 2; -webkit-text-stroke-width: 0px; text-decoration-thickness: initial; text-decoration-style: initial; text-decoration-color: initial; word-spacing: 0px; margin: 0cm 0cm 12.75pt 0cm;\"><span style=\"font-family: 'Louguiya Bold',serif; color: black;\">\u2013 Asins : 42851 t\u00eates<\/span><\/p>\n<p style=\"background: white; box-sizing: border-box; font-variant-ligatures: normal; font-variant-caps: normal; orphans: 2; text-align: start; widows: 2; -webkit-text-stroke-width: 0px; text-decoration-thickness: initial; text-decoration-style: initial; text-decoration-color: initial; word-spacing: 0px; margin: 0cm 0cm 12.75pt 0cm;\"><span style=\"font-family: 'Louguiya Bold',serif; color: black;\">\u2013 Volaille : 61562 t\u00eates<\/span><\/p>\n<p style=\"background: white; box-sizing: border-box; font-variant-ligatures: normal; font-variant-caps: normal; orphans: 2; text-align: start; widows: 2; -webkit-text-stroke-width: 0px; text-decoration-thickness: initial; text-decoration-style: initial; text-decoration-color: initial; word-spacing: 0px; margin: 0cm 0cm 12.75pt 0cm;\"><span style=\"font-family: 'Louguiya Bold',serif; color: black;\">\u00a0<\/span><\/p>\n<p style=\"background: white; margin: 0cm 0cm 12.75pt 0cm;\"><span style=\"font-family: 'Louguiya Bold',serif; color: black;\">Vingt-cinq \u00e9quipes seraient ainsi d\u00e9ploy\u00e9es autour des points d\u2019eau et parmi les grands \u00e9levages.<\/span><\/p>\n","protected":false},"excerpt":{"rendered":"<p>\u00a0Alors que le d\u00e9lai de recensement du b\u00e9tail a \u00e9t\u00e9 repouss\u00e9 de deux semaines encore, le comit\u00e9 r\u00e9gional charg\u00e9 du recensement du cheptel au niveau de la r\u00e9gion du Ghidimagha a rendu les r\u00e9sulats de son enqu\u00eate provisoire. Elevage\u00a0: La Mauritanie compte son cheptel Une r\u00e9union a \u00e9t\u00e9 pr\u00e9sid\u00e9e, mardi, dans ce sens par le &hellip;<\/p>\n","protected":false},"author":2,"featured_media":10186,"comment_status":"open","ping_status":"open","sticky":false,"template":"","format":"standard","meta":{"footnotes":""},"categories":[18,2],"tags":[],"class_list":["post-10182","post","type-post","status-publish","format-standard","has-post-thumbnail","hentry","category-actualites","category-economie"],"_links":{"self":[{"href":"https:\/\/ladepeche.mr\/index.php?rest_route=\/wp\/v2\/posts\/10182","targetHints":{"allow":["GET"]}}],"collection":[{"href":"https:\/\/ladepeche.mr\/index.php?rest_route=\/wp\/v2\/posts"}],"about":[{"href":"https:\/\/ladepeche.mr\/index.php?rest_route=\/wp\/v2\/types\/post"}],"author":[{"embeddable":true,"href":"https:\/\/ladepeche.mr\/index.php?rest_route=\/wp\/v2\/users\/2"}],"replies":[{"embeddable":true,"href":"https:\/\/ladepeche.mr\/index.php?rest_route=%2Fwp%2Fv2%2Fcomments&post=10182"}],"version-history":[{"count":2,"href":"https:\/\/ladepeche.mr\/index.php?rest_route=\/wp\/v2\/posts\/10182\/revisions"}],"predecessor-version":[{"id":10185,"href":"https:\/\/ladepeche.mr\/index.php?rest_route=\/wp\/v2\/posts\/10182\/revisions\/10185"}],"wp:featuredmedia":[{"embeddable":true,"href":"https:\/\/ladepeche.mr\/index.php?rest_route=\/wp\/v2\/media\/10186"}],"wp:attachment":[{"href":"https:\/\/ladepeche.mr\/index.php?rest_route=%2Fwp%2Fv2%2Fmedia&parent=10182"}],"wp:term":[{"taxonomy":"category","embeddable":true,"href":"https:\/\/ladepeche.mr\/index.php?rest_route=%2Fwp%2Fv2%2Fcategories&post=10182"},{"taxonomy":"post_tag","embeddable":true,"href":"https:\/\/ladepeche.mr\/index.php?rest_route=%2Fwp%2Fv2%2Ftags&post=10182"}],"curies":[{"name":"wp","href":"https:\/\/api.w.org\/{rel}","templated":true}]}}