{"id":10198,"date":"2024-07-11T12:30:28","date_gmt":"2024-07-11T12:30:28","guid":{"rendered":"https:\/\/ladepeche.mr\/?p=10198"},"modified":"2024-07-11T11:29:22","modified_gmt":"2024-07-11T11:29:22","slug":"le-kremlin-prevoit-des-mesures-pour-contrer-lotan","status":"publish","type":"post","link":"https:\/\/ladepeche.mr\/?p=10198","title":{"rendered":"Le Kremlin pr\u00e9voit des \u00abmesures\u00bb pour contrer l\u2019Otan"},"content":{"rendered":"<p class=\"ArticleParagraph_root__lhFZo ArticleContainer_content-width__FRl7F link_focus__0ZMwx link_externalicon-big__ZdPgo link_externalicon__qcwXs ArticleElement_article-element__q93eL\"><span class=\"HtmlText_root__A1OSq\">La Russie pr\u00e9voit des \u00abmesures\u00bb pour \u00abcontrer la menace s\u00e9rieuse\u00bb pos\u00e9e par l\u2019Otan, a d\u00e9clar\u00e9 jeudi le porte-parole du Kremlin Dimitri Peskov, cit\u00e9 par les agences russes. L\u2019organisation est jug\u00e9e \u00abde facto pleinement impliqu\u00e9e dans le conflit autour de l\u2019Ukraine\u00bb.<\/span><\/p>\n<p class=\"ArticleParagraph_root__lhFZo ArticleContainer_content-width__FRl7F link_focus__0ZMwx link_externalicon-big__ZdPgo link_externalicon__qcwXs ArticleElement_article-element__q93eL\"><span class=\"HtmlText_root__A1OSq\">\u00abNous sommes oblig\u00e9s d\u2019analyser tr\u00e8s profond\u00e9ment les d\u00e9cisions qui ont \u00e9t\u00e9 prises (ndlr au sommet de Washington mercredi), les discussions qui ont eu lieu, d\u2019analyser tr\u00e8s attentivement le texte de la d\u00e9claration qui a \u00e9t\u00e9 adopt\u00e9. Il s\u2019agit d\u2019une menace tr\u00e8s s\u00e9rieuse pour la s\u00e9curit\u00e9 nationale\u00bb qui \u00abnous obligera \u00e0 prendre des mesures r\u00e9fl\u00e9chies, coordonn\u00e9es et efficaces pour contenir l\u2019Otan\u00bb, a-t-il dit.<\/span><\/p>\n<div id=\"inside-full-content-pos1-desktop\" class=\"Ad_root__MdsXS Ad_-ad-inside__xBMzI Ad_-inside-full-content__G51Q_ Ad_-ad-inside-content__QYkgO adunit\"><\/div>\n<p class=\"ArticleParagraph_root__lhFZo ArticleContainer_content-width__FRl7F link_focus__0ZMwx link_externalicon-big__ZdPgo link_externalicon__qcwXs ArticleElement_article-element__q93eL\"><span class=\"HtmlText_root__A1OSq\">Le porte-parole de la pr\u00e9sidence russe n\u2019a toutefois pas pr\u00e9cis\u00e9 quand ces \u00abmesures\u00bb seront prises et de quelle nature elles seront.<\/span><\/p>\n<p class=\"ArticleParagraph_root__lhFZo ArticleContainer_content-width__FRl7F link_focus__0ZMwx link_externalicon-big__ZdPgo link_externalicon__qcwXs ArticleElement_article-element__q93eL\"><span class=\"HtmlText_root__A1OSq\">\u00abNous constatons que nos adversaires en Europe et aux \u00c9tats-Unis ne sont pas des partisans du dialogue. Et \u00e0 en juger par les documents adopt\u00e9s lors du sommet de l\u2019Otan, ils ne sont pas des partisans de la paix\u00bb, a ass\u00e9n\u00e9 M. Peskov \u00e0 la presse.<\/span><\/p>\n<h2 class=\"HtmlText_root__A1OSq CrossheadElement_root___NxEk ArticleContainer_content-width__FRl7F ArticleElement_article-element__q93eL\">\u00abInstrument de confrontation\u00bb<\/h2>\n<p class=\"ArticleParagraph_root__lhFZo ArticleContainer_content-width__FRl7F link_focus__0ZMwx link_externalicon-big__ZdPgo link_externalicon__qcwXs ArticleElement_article-element__q93eL\"><span class=\"HtmlText_root__A1OSq\">\u00abL\u2019Alliance est un instrument de confrontation et non de paix et de s\u00e9curit\u00e9\u00bb a encore fustig\u00e9 Dimitri Peskov.<\/span><\/p>\n<p class=\"ArticleParagraph_root__lhFZo ArticleContainer_content-width__FRl7F link_focus__0ZMwx link_externalicon-big__ZdPgo link_externalicon__qcwXs ArticleElement_article-element__q93eL\"><span class=\"HtmlText_root__A1OSq\">L\u2019Alliance atlantique a muscl\u00e9 mercredi son soutien \u00e0 l\u2019Ukraine, qui r\u00e9siste \u00e0 l\u2019offensive \u00e0 grande \u00e9chelle de la Russie lanc\u00e9e en f\u00e9vrier 2022, avec le soutien militaire et financier des Occidentaux.<\/span><\/p>\n<p class=\"ArticleParagraph_root__lhFZo ArticleContainer_content-width__FRl7F link_focus__0ZMwx link_externalicon-big__ZdPgo link_externalicon__qcwXs ArticleElement_article-element__q93eL\"><span class=\"HtmlText_root__A1OSq\">Outre le mat\u00e9riel promis pour Kiev comme les avions F-16 ou des batteries de d\u00e9fense antia\u00e9rienne pour permettre \u00e0 Kiev de contrer les attaques quotidiennes de l\u2019arm\u00e9e russe, les membres de l\u2019Alliance atlantique ont \u00e9galement reconnu mercredi que l\u2019Ukraine est sur une \u00abtrajectoire irr\u00e9versible\u00bb vers son adh\u00e9sion \u00e0 l\u2019Otan, ce qui viendrait ajouter une fronti\u00e8re de plus entre la Russie et l\u2019organisation.<\/span><\/p>\n<p class=\"ArticleParagraph_root__lhFZo ArticleContainer_content-width__FRl7F link_focus__0ZMwx link_externalicon-big__ZdPgo link_externalicon__qcwXs ArticleElement_article-element__q93eL\"><span class=\"HtmlText_root__A1OSq\">\u00abD\u00e8s le d\u00e9but, nous avons dit que l\u2019expansion de l\u2019Otan en Ukraine constituait une menace inacceptable pour nous (&#8230;) Nous observons l\u00e0 que l\u2019Otan adopte un document qui dit que l\u2019Ukraine rejoindra d\u00e9finitivement l\u2019Otan\u00bb, a d\u00e9plor\u00e9 Dimitri Peskov.<\/span><\/p>\n<p>https:\/\/www.tdg.ch\/le-kremlin-veut-des-mesures-pour-contrer-la-menace-de-lotan-447414961456<\/p>\n","protected":false},"excerpt":{"rendered":"<p>La Russie pr\u00e9voit des \u00abmesures\u00bb pour \u00abcontrer la menace s\u00e9rieuse\u00bb pos\u00e9e par l\u2019Otan, a d\u00e9clar\u00e9 jeudi le porte-parole du Kremlin Dimitri Peskov, cit\u00e9 par les agences russes. L\u2019organisation est jug\u00e9e \u00abde facto pleinement impliqu\u00e9e dans le conflit autour de l\u2019Ukraine\u00bb. \u00abNous sommes oblig\u00e9s d\u2019analyser tr\u00e8s profond\u00e9ment les d\u00e9cisions qui ont \u00e9t\u00e9 prises (ndlr au sommet &hellip;<\/p>\n","protected":false},"author":2,"featured_media":10199,"comment_status":"open","ping_status":"open","sticky":false,"template":"","format":"standard","meta":{"footnotes":""},"categories":[18,29],"tags":[],"class_list":["post-10198","post","type-post","status-publish","format-standard","has-post-thumbnail","hentry","category-actualites","category-monde"],"_links":{"self":[{"href":"https:\/\/ladepeche.mr\/index.php?rest_route=\/wp\/v2\/posts\/10198","targetHints":{"allow":["GET"]}}],"collection":[{"href":"https:\/\/ladepeche.mr\/index.php?rest_route=\/wp\/v2\/posts"}],"about":[{"href":"https:\/\/ladepeche.mr\/index.php?rest_route=\/wp\/v2\/types\/post"}],"author":[{"embeddable":true,"href":"https:\/\/ladepeche.mr\/index.php?rest_route=\/wp\/v2\/users\/2"}],"replies":[{"embeddable":true,"href":"https:\/\/ladepeche.mr\/index.php?rest_route=%2Fwp%2Fv2%2Fcomments&post=10198"}],"version-history":[{"count":1,"href":"https:\/\/ladepeche.mr\/index.php?rest_route=\/wp\/v2\/posts\/10198\/revisions"}],"predecessor-version":[{"id":10200,"href":"https:\/\/ladepeche.mr\/index.php?rest_route=\/wp\/v2\/posts\/10198\/revisions\/10200"}],"wp:featuredmedia":[{"embeddable":true,"href":"https:\/\/ladepeche.mr\/index.php?rest_route=\/wp\/v2\/media\/10199"}],"wp:attachment":[{"href":"https:\/\/ladepeche.mr\/index.php?rest_route=%2Fwp%2Fv2%2Fmedia&parent=10198"}],"wp:term":[{"taxonomy":"category","embeddable":true,"href":"https:\/\/ladepeche.mr\/index.php?rest_route=%2Fwp%2Fv2%2Fcategories&post=10198"},{"taxonomy":"post_tag","embeddable":true,"href":"https:\/\/ladepeche.mr\/index.php?rest_route=%2Fwp%2Fv2%2Ftags&post=10198"}],"curies":[{"name":"wp","href":"https:\/\/api.w.org\/{rel}","templated":true}]}}