{"id":1020,"date":"2022-07-14T13:05:18","date_gmt":"2022-07-14T13:05:18","guid":{"rendered":"http:\/\/ladepeche.mr\/?p=1020"},"modified":"2022-07-14T13:05:18","modified_gmt":"2022-07-14T13:05:18","slug":"mauritanie-france-le-president-de-la-republique-felicite-son-homologue-francais-a-loccasion-de-la-fete-du-14-juillet","status":"publish","type":"post","link":"https:\/\/ladepeche.mr\/?p=1020","title":{"rendered":"Mauritanie-France : Le pr\u00e9sident de la R\u00e9publique f\u00e9licite son homologue fran\u00e7ais \u00e0 l&#8217;occasion de la f\u00eate du 14 juillet"},"content":{"rendered":"<p>Son Excellence le Pr\u00e9sident de la R\u00e9publique, Monsieur Mohamed Ould Cheikh El Ghazouani, qui a f\u00e9licit\u00e9 son homologue fran\u00e7ais Emmanuel Macron \u00e0 l\u2019occasion de la f\u00eate nationale de la France, a r\u00e9it\u00e9r\u00e9 le souci de la Mauritanie de renforcer et de d\u00e9velopper les relations de coop\u00e9ration existantes entre elle et la R\u00e9publique fran\u00e7aise, au service des int\u00e9r\u00eats communs des deux peuples amis.<\/p>\n<p>C\u2019est ce qui ressort du message adress\u00e9 par Son Excellence aujourd&#8217;hui, mercredi, \u00e0 Son Excellence Emmanuel Macron, Pr\u00e9sident de la R\u00e9publique fran\u00e7aise, \u00e0 l&#8217;occasion de la c\u00e9l\u00e9bration par son pays de sa f\u00eate du 14 juillet.<\/p>\n<p>Le message est ainsi libell\u00e9:<\/p>\n<p>&#8221; Excellence Monsieur le Pr\u00e9sident<\/p>\n<p>La c\u00e9l\u00e9bration de la f\u00eate nationale de votre pays m\u2019offre l\u2019agr\u00e9able occasion de vous adresser mes chaleureuses f\u00e9licitations et d\u2019exprimer mes meilleurs v\u0153ux de progr\u00e8s et de prosp\u00e9rit\u00e9 au peuple fran\u00e7ais ami.<\/p>\n<p>Je saisis cette occasion pour vous r\u00e9affirmer notre volont\u00e9 d\u2019\u0153uvrer, avec votre Excellence, afin que les relations d\u2019amiti\u00e9 et de coop\u00e9ration unissant nos deux pays se d\u00e9veloppent et se renforcent davantage.<\/p>\n<p>Je Vous prie d\u2019agr\u00e9er, Monsieur le Pr\u00e9sident, l\u2019expression de ma tr\u00e8s haute consid\u00e9ration.<\/p>\n<p>Mohamed Ould Cheikh El Ghazouani&#8221;.<\/p>\n","protected":false},"excerpt":{"rendered":"<p>Son Excellence le Pr\u00e9sident de la R\u00e9publique, Monsieur Mohamed Ould Cheikh El Ghazouani, qui a f\u00e9licit\u00e9 son homologue fran\u00e7ais Emmanuel Macron \u00e0 l\u2019occasion de la f\u00eate nationale de la France, a r\u00e9it\u00e9r\u00e9 le souci de la Mauritanie de renforcer et de d\u00e9velopper les relations de coop\u00e9ration existantes entre elle et la R\u00e9publique fran\u00e7aise, au service &hellip;<\/p>\n","protected":false},"author":1,"featured_media":1021,"comment_status":"open","ping_status":"open","sticky":false,"template":"","format":"standard","meta":{"footnotes":""},"categories":[18],"tags":[],"class_list":["post-1020","post","type-post","status-publish","format-standard","has-post-thumbnail","hentry","category-actualites"],"_links":{"self":[{"href":"https:\/\/ladepeche.mr\/index.php?rest_route=\/wp\/v2\/posts\/1020","targetHints":{"allow":["GET"]}}],"collection":[{"href":"https:\/\/ladepeche.mr\/index.php?rest_route=\/wp\/v2\/posts"}],"about":[{"href":"https:\/\/ladepeche.mr\/index.php?rest_route=\/wp\/v2\/types\/post"}],"author":[{"embeddable":true,"href":"https:\/\/ladepeche.mr\/index.php?rest_route=\/wp\/v2\/users\/1"}],"replies":[{"embeddable":true,"href":"https:\/\/ladepeche.mr\/index.php?rest_route=%2Fwp%2Fv2%2Fcomments&post=1020"}],"version-history":[{"count":1,"href":"https:\/\/ladepeche.mr\/index.php?rest_route=\/wp\/v2\/posts\/1020\/revisions"}],"predecessor-version":[{"id":1022,"href":"https:\/\/ladepeche.mr\/index.php?rest_route=\/wp\/v2\/posts\/1020\/revisions\/1022"}],"wp:featuredmedia":[{"embeddable":true,"href":"https:\/\/ladepeche.mr\/index.php?rest_route=\/wp\/v2\/media\/1021"}],"wp:attachment":[{"href":"https:\/\/ladepeche.mr\/index.php?rest_route=%2Fwp%2Fv2%2Fmedia&parent=1020"}],"wp:term":[{"taxonomy":"category","embeddable":true,"href":"https:\/\/ladepeche.mr\/index.php?rest_route=%2Fwp%2Fv2%2Fcategories&post=1020"},{"taxonomy":"post_tag","embeddable":true,"href":"https:\/\/ladepeche.mr\/index.php?rest_route=%2Fwp%2Fv2%2Ftags&post=1020"}],"curies":[{"name":"wp","href":"https:\/\/api.w.org\/{rel}","templated":true}]}}