{"id":10214,"date":"2024-07-13T12:26:54","date_gmt":"2024-07-13T12:26:54","guid":{"rendered":"https:\/\/ladepeche.mr\/?p=10214"},"modified":"2024-07-13T13:19:33","modified_gmt":"2024-07-13T13:19:33","slug":"60eme-anniversaire-des-relations-bilaterales-lamitie-mauritano-russe-a-lepreuve-de-la-geopolitique-internationale","status":"publish","type":"post","link":"https:\/\/ladepeche.mr\/?p=10214","title":{"rendered":"60\u00e8me anniversaire des relations bilat\u00e9rales:  L&#8217;amiti\u00e9 mauritano-russe \u00e0 l\u2019\u00e9preuve de la g\u00e9opolitique internationale"},"content":{"rendered":"<p>Pour toute comm\u00e9moration officielle de 60 ans de coop\u00e9ration bilat\u00e9rale entre les deux pays, les ministre mauritanien des Affaires \u00c9trang\u00e8res, Mohamed Salem Ould Merzoug et russe, Serge\u00ef Lavrov se seraient congratul\u00e9s pour marquer l\u2019\u00e9v\u00e9nement. Un anniversaire qui se f\u00eate au lendemain\u00a0 de la c\u00e9l\u00e9bration aux Etats-Unis de la naissance de l\u2019Otan, il y a 75 ans.<\/p>\n<p>Une comm\u00e9moration bien aust\u00e8re et m\u00eame suggestive d\u2019un minima de relations entretenues entre les deux pays dont la coop\u00e9ration est aujourd\u2019hui tributaire de l\u2019activisme occidental (Otan) mais aussi de l\u2019impact et de la pr\u00e9sence belliqueuse des mercenaires russes au Mali voisin.<\/p>\n<p>Notre pays se retrouve entre les feux nourris des deux bellig\u00e9rants de la crise ukrainienne et soufflent, chacun en ce qui le concerne, sur les braises de l\u2019instabilit\u00e9 sous-r\u00e9gionale.<\/p>\n<p><em>Le 8 f\u00e9vrier 2023, un an apr\u00e8s l\u2019annexion de l\u2019Ukraine, S. Lavrov \u00e9tait d\u00e9j\u00e0 de passage \u00e0 Nouakchott pour parler des probl\u00e8mes du continent africain avec le pr\u00e9sident Ghazouani. \u00ab\u00a0Nous sommes tous concern\u00e9s par la mont\u00e9e des tensions dans la r\u00e9gion du Sahel o\u00f9 il faut intensifier les efforts contre la menace terroriste qui n&#8217;a pas disparu et qui gagne m\u00eame du terrain\u00a0\u00bb avait confi\u00e9 le chef de la diplomatie russe \u00e0 sa sortie d\u2019audience avec le pr\u00e9sident mauritanien. <\/em><\/p>\n<p><em>La Mauritanie et la Russie entretenaient des relations \u00e9conomiques privil\u00e9gi\u00e9es. Ces relations avaient \u00e9t\u00e9 renforc\u00e9es par des accords militaires. Mais outre la condamnation par notre pays de \u00abl\u2019annexion d\u2019un Etat souverain et membre de l\u2019Onu\u00a0\u00bb. Le 22 mai 2024, avec l\u2019ouverture de l\u2019ambassade ukrainienne \u00e0 Nouakchott, une douche froide est venue glac\u00e9e la tendance esp\u00e9r\u00e9e par Moscou qui avait d\u00e9j\u00e0 essuy\u00e9 le m\u00eame revers diplomatique sur le Continent. En effet, sous l\u2019impulsion des occidentaux, l\u2019offensive de Kiev faisait aussi mouche en <\/em>C\u00f4te d\u2019Ivoire, au Mozambique et en RDC Mozambique ainsi qu\u2019au Botswana o\u00f9 l\u2019Ukraine trouvait pied avec de nouvelles chancelleries.<\/p>\n<p>Dans le cas de la relation mauritano-russe, malgr\u00e9 les bavures mortelles des mercenaires de Wagner, et la pr\u00e9sence de plus en plus marqu\u00e9 de l\u2019Otan en Mauritanie, les deux chefs de la diplomatie entendent d\u00e9passer ces conjonctures actuelles. Si Merzough insiste sur \u00ab\u00a0l\u2019esprit d\u2019amiti\u00e9 solide\u00a0\u00bb, son vis-\u00e0-vis russe offre \u00ab\u00a0une coordination stable en mati\u00e8re de la politique ext\u00e9rieure dans l\u2019int\u00e9r\u00eat d\u2019assurer la s\u00e9curit\u00e9 et de la stabilit\u00e9 dans la r\u00e9gion Saharo-Sah\u00e9lienne ainsi que dans toute l\u2019Afrique\u00a0\u00bb. Une mission que la Mauritanie partage d\u00e9j\u00e0 avec l\u2019Otan. C\u2019est \u00e0 se demander si les deux hommes parlent-ils encore le m\u00eame langage\u00a0diplomatique\u00a0? Une nouvelle \u00e8re diplomatique russo-mauritanienne dans le dernier mandat de Ghazouani\u00a0?<\/p>\n<p>J.D<\/p>\n","protected":false},"excerpt":{"rendered":"<p>Pour toute comm\u00e9moration officielle de 60 ans de coop\u00e9ration bilat\u00e9rale entre les deux pays, les ministre mauritanien des Affaires \u00c9trang\u00e8res, Mohamed Salem Ould Merzoug et russe, Serge\u00ef Lavrov se seraient congratul\u00e9s pour marquer l\u2019\u00e9v\u00e9nement. Un anniversaire qui se f\u00eate au lendemain\u00a0 de la c\u00e9l\u00e9bration aux Etats-Unis de la naissance de l\u2019Otan, il y a 75 &hellip;<\/p>\n","protected":false},"author":2,"featured_media":10215,"comment_status":"open","ping_status":"open","sticky":false,"template":"","format":"standard","meta":{"footnotes":""},"categories":[18,29,28],"tags":[],"class_list":["post-10214","post","type-post","status-publish","format-standard","has-post-thumbnail","hentry","category-actualites","category-monde","category-sahel"],"_links":{"self":[{"href":"https:\/\/ladepeche.mr\/index.php?rest_route=\/wp\/v2\/posts\/10214","targetHints":{"allow":["GET"]}}],"collection":[{"href":"https:\/\/ladepeche.mr\/index.php?rest_route=\/wp\/v2\/posts"}],"about":[{"href":"https:\/\/ladepeche.mr\/index.php?rest_route=\/wp\/v2\/types\/post"}],"author":[{"embeddable":true,"href":"https:\/\/ladepeche.mr\/index.php?rest_route=\/wp\/v2\/users\/2"}],"replies":[{"embeddable":true,"href":"https:\/\/ladepeche.mr\/index.php?rest_route=%2Fwp%2Fv2%2Fcomments&post=10214"}],"version-history":[{"count":3,"href":"https:\/\/ladepeche.mr\/index.php?rest_route=\/wp\/v2\/posts\/10214\/revisions"}],"predecessor-version":[{"id":10222,"href":"https:\/\/ladepeche.mr\/index.php?rest_route=\/wp\/v2\/posts\/10214\/revisions\/10222"}],"wp:featuredmedia":[{"embeddable":true,"href":"https:\/\/ladepeche.mr\/index.php?rest_route=\/wp\/v2\/media\/10215"}],"wp:attachment":[{"href":"https:\/\/ladepeche.mr\/index.php?rest_route=%2Fwp%2Fv2%2Fmedia&parent=10214"}],"wp:term":[{"taxonomy":"category","embeddable":true,"href":"https:\/\/ladepeche.mr\/index.php?rest_route=%2Fwp%2Fv2%2Fcategories&post=10214"},{"taxonomy":"post_tag","embeddable":true,"href":"https:\/\/ladepeche.mr\/index.php?rest_route=%2Fwp%2Fv2%2Ftags&post=10214"}],"curies":[{"name":"wp","href":"https:\/\/api.w.org\/{rel}","templated":true}]}}