{"id":10228,"date":"2024-07-14T18:25:09","date_gmt":"2024-07-14T18:25:09","guid":{"rendered":"https:\/\/ladepeche.mr\/?p=10228"},"modified":"2024-07-14T18:25:09","modified_gmt":"2024-07-14T18:25:09","slug":"gaza-quand-le-terrorisme-detat-lemporte-sur-le-droit-international","status":"publish","type":"post","link":"https:\/\/ladepeche.mr\/?p=10228","title":{"rendered":"Gaza: Quand le terrorisme d\u2019Etat l\u2019emporte sur le droit international"},"content":{"rendered":"<p><strong>L\u2019ignominie continue plus laide encore. La communaut\u00e9 internationale\u00a0\u2013ou ce qui en tient lieu- se r\u00e9v\u00e8le incapable de retenir l\u2019\u0153uvre sordide du criminel de guerre Netanyahou. Pire encore, certains Etats occidentaux lui livrent, sans remords, les armes pour massacrer les civils palestiniens et notamment les enfants.<\/strong><\/p>\n<p>Le Hamas a annonc\u00e9 se retirer des n\u00e9gociations devant permettre l\u2019av\u00e8nement d\u2019un cessez-le-feu avec Israel et la lib\u00e9ration des otages qu\u2019il d\u00e9tient. Il entend ainsi protester contre le massacre continu de la population civile palestinienne au vu, au su et avec l\u2019aide militaire de pays occidentaux comme les Etats-Unis, l\u2019Allemagne ou encore la France.<\/p>\n<p>Les massacres en Palestine se poursuivent. Ils ne baissent pas en intensit\u00e9. \u00a0A Gaza, en d\u00e9pit des condamnations du bout des l\u00e8vres des tueries \u00e0 ciel ouvert contre les civils, l\u2019enclave n\u2019est plus qu\u2019un champ de ruines o\u00f9 sur injonctions mortelles sont parqu\u00e9es les rescap\u00e9s d\u2019une guerre asym\u00e9trique nourrie par la haine sioniste contre les arabes et pas seulement contre le Hamas.<\/p>\n<p>A Rafah aussi, malgr\u00e9 les certitudes Us, Isra\u00e9l s\u2019en donne \u00e0 c\u0153ur joie pour imploser toute possibilit\u00e9 de vie des r\u00e9fugi\u00e9s de la guerre. Entre temps, les populations civiles errent entre le nord et le sud sous l\u2019\u0153il amus\u00e9 de certains dictateurs arabes heureux de solder un compte avec le Hamas\u00a0; au prix de sacrifier plus deux millions de personnes.<\/p>\n<p>Pour perp\u00e9tuer sa guerre nazie et raciste contre les Arabes, qui refusent de courber l\u2019\u00e9chine, le gouvernement extr\u00e9miste isra\u00e9lien, soutenu par les principaux gouvernements occidentaux, comme les Etats-Unis, la Grande Bretagne, l\u2019Allemagne ou encore la France macronienne, ne se fait pas prier pour \u00e9craser des populations d\u00e9j\u00e0 meurtries par 9 mois de bombardements sans rel\u00e2che par air, mer et terre. \u00a0La France de Macron a \u00e9t\u00e9 prise, en flagrant d\u00e9lit de fourniture, en juin 2024, \u00e0 Isra\u00e9l, d\u2019un arsenal fait d\u2019\u00e9quipement de drones d\u2019attaque qu\u2019il utilise pour d\u00e9cimer encore les palestiniens.<\/p>\n<p>Malgr\u00e9 le rejet par leurs populations de leurs postures et de la cruaut\u00e9 dont fait montre Isra\u00e9l pour affamer, tuer et torturer les palestiniens, les gouvernements de ces pays qui se disent d\u00e9mocratiques sont complices d\u2019un g\u00e9nocide toujours en cours. Un terrorisme d\u2019Etat que m\u00e8ne depuis le 8 octobre 2023 Isra\u00ebl et qui a fait jusqu\u2019au jour d\u2019aujourd\u2019hui, pr\u00e8s de 40.000 morts dont la moiti\u00e9 sont des enfants et pr\u00e8s de 100 milles bless\u00e9s. Et comme si ce n\u2019\u00e9tait pas suffisant, les Etats-Unis sous l\u2019\u00e8re du pr\u00e9sident Biden trouvent toujours une prolongation pour permettre au criminel de guerre Netanyahou d\u2019en \u00e9crabouiller davantage et de r\u00e9duire en poussi\u00e8res toutes les infrastructures civiles dans cette enclave martyre.<\/p>\n<p>Apr\u00e8s les bombardements de El Mawasi qui ont enseveli des dizaines d\u2019enfants et de femme sous les gravas des sites de l\u2019UNRWA, il ne reste plus gu\u00e8re de choix aux palestiniens, m\u00eame si cela semble le dessein du criminel de guerre de Netanyahou pour se maintenir au pouvoir, qu\u2019\u00e0 l\u2019embrasement g\u00e9n\u00e9ral. Par tous les moyens dont ils disposent. Ce ne serait, en fait, qu\u2019une suite et une r\u00e9ponse logique \u00e0 la conspiration de la doctrine sioniste qui soutend toute cette violence.<\/p>\n<p>Le double standard et la double rh\u00e9torique selon qu\u2019il s\u2019agisse de la Palestine ou de l\u2019Ukraine d\u00e9masquent les dirigeants occidentaux incapables de dompter leur propre cr\u00e9ature assassine.<\/p>\n<p>JD<\/p>\n","protected":false},"excerpt":{"rendered":"<p>L\u2019ignominie continue plus laide encore. La communaut\u00e9 internationale\u00a0\u2013ou ce qui en tient lieu- se r\u00e9v\u00e8le incapable de retenir l\u2019\u0153uvre sordide du criminel de guerre Netanyahou. Pire encore, certains Etats occidentaux lui livrent, sans remords, les armes pour massacrer les civils palestiniens et notamment les enfants. Le Hamas a annonc\u00e9 se retirer des n\u00e9gociations devant permettre &hellip;<\/p>\n","protected":false},"author":2,"featured_media":10229,"comment_status":"open","ping_status":"open","sticky":false,"template":"","format":"standard","meta":{"footnotes":""},"categories":[18],"tags":[],"class_list":["post-10228","post","type-post","status-publish","format-standard","has-post-thumbnail","hentry","category-actualites"],"_links":{"self":[{"href":"https:\/\/ladepeche.mr\/index.php?rest_route=\/wp\/v2\/posts\/10228","targetHints":{"allow":["GET"]}}],"collection":[{"href":"https:\/\/ladepeche.mr\/index.php?rest_route=\/wp\/v2\/posts"}],"about":[{"href":"https:\/\/ladepeche.mr\/index.php?rest_route=\/wp\/v2\/types\/post"}],"author":[{"embeddable":true,"href":"https:\/\/ladepeche.mr\/index.php?rest_route=\/wp\/v2\/users\/2"}],"replies":[{"embeddable":true,"href":"https:\/\/ladepeche.mr\/index.php?rest_route=%2Fwp%2Fv2%2Fcomments&post=10228"}],"version-history":[{"count":1,"href":"https:\/\/ladepeche.mr\/index.php?rest_route=\/wp\/v2\/posts\/10228\/revisions"}],"predecessor-version":[{"id":10230,"href":"https:\/\/ladepeche.mr\/index.php?rest_route=\/wp\/v2\/posts\/10228\/revisions\/10230"}],"wp:featuredmedia":[{"embeddable":true,"href":"https:\/\/ladepeche.mr\/index.php?rest_route=\/wp\/v2\/media\/10229"}],"wp:attachment":[{"href":"https:\/\/ladepeche.mr\/index.php?rest_route=%2Fwp%2Fv2%2Fmedia&parent=10228"}],"wp:term":[{"taxonomy":"category","embeddable":true,"href":"https:\/\/ladepeche.mr\/index.php?rest_route=%2Fwp%2Fv2%2Fcategories&post=10228"},{"taxonomy":"post_tag","embeddable":true,"href":"https:\/\/ladepeche.mr\/index.php?rest_route=%2Fwp%2Fv2%2Ftags&post=10228"}],"curies":[{"name":"wp","href":"https:\/\/api.w.org\/{rel}","templated":true}]}}