{"id":1023,"date":"2022-07-14T13:07:12","date_gmt":"2022-07-14T13:07:12","guid":{"rendered":"http:\/\/ladepeche.mr\/?p=1023"},"modified":"2022-07-14T13:07:12","modified_gmt":"2022-07-14T13:07:12","slug":"sante-covid19-140-nouveaux-cas-mercredi","status":"publish","type":"post","link":"https:\/\/ladepeche.mr\/?p=1023","title":{"rendered":"Sant\u00e9\/Covid19 : 140 nouveaux cas (mercredi)"},"content":{"rendered":"<p>140 nouveaux cas de Coronavirus ont \u00e9t\u00e9 enregistr\u00e9s, entre mardi et mercredi, et 136 cas de gu\u00e9rison, sans enregistrer aucun d\u00e9c\u00e8s, a annonc\u00e9 le minist\u00e8re de la sant\u00e9 dans son suivi de la pand\u00e9mie. Dans son bulletin quotidien sur la situation \u00e9pid\u00e9miologique, le minist\u00e8re indique \u00a0que ce bilan fait suite \u00e0 1819 tests effectu\u00e9s dans tout le pays, dont 1613 tests rapides (TDR) et 206 tests ADN (PCR).<\/p>\n<p>Il a \u00e9galement indiqu\u00e9 que les cas actifs ont atteint 1727, alors que le nombre des personnes contamin\u00e9es depuis le d\u00e9but de la pand\u00e9mie a atteint 61543, dont 58830 cas de gu\u00e9rison, et 986 d\u00e9c\u00e8s.<\/p>\n","protected":false},"excerpt":{"rendered":"<p>140 nouveaux cas de Coronavirus ont \u00e9t\u00e9 enregistr\u00e9s, entre mardi et mercredi, et 136 cas de gu\u00e9rison, sans enregistrer aucun d\u00e9c\u00e8s, a annonc\u00e9 le minist\u00e8re de la sant\u00e9 dans son suivi de la pand\u00e9mie. Dans son bulletin quotidien sur la situation \u00e9pid\u00e9miologique, le minist\u00e8re indique \u00a0que ce bilan fait suite \u00e0 1819 tests effectu\u00e9s dans &hellip;<\/p>\n","protected":false},"author":1,"featured_media":1024,"comment_status":"open","ping_status":"open","sticky":false,"template":"","format":"standard","meta":{"footnotes":""},"categories":[18],"tags":[],"class_list":["post-1023","post","type-post","status-publish","format-standard","has-post-thumbnail","hentry","category-actualites"],"_links":{"self":[{"href":"https:\/\/ladepeche.mr\/index.php?rest_route=\/wp\/v2\/posts\/1023","targetHints":{"allow":["GET"]}}],"collection":[{"href":"https:\/\/ladepeche.mr\/index.php?rest_route=\/wp\/v2\/posts"}],"about":[{"href":"https:\/\/ladepeche.mr\/index.php?rest_route=\/wp\/v2\/types\/post"}],"author":[{"embeddable":true,"href":"https:\/\/ladepeche.mr\/index.php?rest_route=\/wp\/v2\/users\/1"}],"replies":[{"embeddable":true,"href":"https:\/\/ladepeche.mr\/index.php?rest_route=%2Fwp%2Fv2%2Fcomments&post=1023"}],"version-history":[{"count":1,"href":"https:\/\/ladepeche.mr\/index.php?rest_route=\/wp\/v2\/posts\/1023\/revisions"}],"predecessor-version":[{"id":1025,"href":"https:\/\/ladepeche.mr\/index.php?rest_route=\/wp\/v2\/posts\/1023\/revisions\/1025"}],"wp:featuredmedia":[{"embeddable":true,"href":"https:\/\/ladepeche.mr\/index.php?rest_route=\/wp\/v2\/media\/1024"}],"wp:attachment":[{"href":"https:\/\/ladepeche.mr\/index.php?rest_route=%2Fwp%2Fv2%2Fmedia&parent=1023"}],"wp:term":[{"taxonomy":"category","embeddable":true,"href":"https:\/\/ladepeche.mr\/index.php?rest_route=%2Fwp%2Fv2%2Fcategories&post=1023"},{"taxonomy":"post_tag","embeddable":true,"href":"https:\/\/ladepeche.mr\/index.php?rest_route=%2Fwp%2Fv2%2Ftags&post=1023"}],"curies":[{"name":"wp","href":"https:\/\/api.w.org\/{rel}","templated":true}]}}