{"id":10249,"date":"2024-07-15T18:43:16","date_gmt":"2024-07-15T18:43:16","guid":{"rendered":"https:\/\/ladepeche.mr\/?p=10249"},"modified":"2024-07-15T18:43:16","modified_gmt":"2024-07-15T18:43:16","slug":"acces-a-leau-dans-les-regions-oasiennes-le-financement-additionnel-du-fades-passe-devant-lan","status":"publish","type":"post","link":"https:\/\/ladepeche.mr\/?p=10249","title":{"rendered":"Acc\u00e8s \u00e0 l&#8217;eau dans les r\u00e9gions oasiennes\u00a0: le financement additionnel du FADES passe devant l\u2019AN"},"content":{"rendered":"<p>L\u2019accord de pr\u00eat de financement additionnel de 10 millions Usd pour le d\u00e9veloppement des oasis, sign\u00e9 le 22 mai 2024 au Caire, entre le Gouvernement et le Fonds Arabe pour le D\u00e9veloppement Economique et Social fait partie de l\u2019agenda des projets soumis \u00e0 l\u2019Assembl\u00e9e nationale pour approbation.<\/p>\n<p>Ce projet de pr\u00eat \u00e0 taux r\u00e9duit a \u00e9t\u00e9 transmis par la conf\u00e9rence des pr\u00e9sidents de l\u2019AN pour \u00e9tude pr\u00e9liminaire devant les commissions techniques.<\/p>\n<p>Annonc\u00e9 depuis trois mois maintenant, ce financement additionnel devrait permettre un acc\u00e8s plus important des populations oasiennes aux ressources hydriques avec l\u2019exploitation d\u2019un syst\u00e8me d\u2019irrigation plus moderne et pour th\u00e9sauriser les eaux puis\u00e9es ou de surface.<\/p>\n<p>L\u2019accord de pr\u00eat avait \u00e9t\u00e9 sign\u00e9, en marge des r\u00e9unions des bailleurs de fonds, par le ministre de l\u2019\u00e9conomie et du d\u00e9veloppement durable, Mohamed Mahmoud Ould Mohamed Saleh, et Bader Mohamed Saad, directeur g\u00e9n\u00e9ral et pr\u00e9sident du Conseil d\u2019administration du FADES.<\/p>\n<p>En Mauritanie, il y aurait 350 oasis localis\u00e9es dans les r\u00e9gions de l\u2019Adrar, du Tagant, de l\u2019Assaba ainsi que dans les deux Hodhs. Pr\u00e8s 300.000 personnes vivraient de leur rendement.<\/p>\n","protected":false},"excerpt":{"rendered":"<p>L\u2019accord de pr\u00eat de financement additionnel de 10 millions Usd pour le d\u00e9veloppement des oasis, sign\u00e9 le 22 mai 2024 au Caire, entre le Gouvernement et le Fonds Arabe pour le D\u00e9veloppement Economique et Social fait partie de l\u2019agenda des projets soumis \u00e0 l\u2019Assembl\u00e9e nationale pour approbation. Ce projet de pr\u00eat \u00e0 taux r\u00e9duit a &hellip;<\/p>\n","protected":false},"author":2,"featured_media":10250,"comment_status":"open","ping_status":"open","sticky":false,"template":"","format":"standard","meta":{"footnotes":""},"categories":[18,2],"tags":[],"class_list":["post-10249","post","type-post","status-publish","format-standard","has-post-thumbnail","hentry","category-actualites","category-economie"],"_links":{"self":[{"href":"https:\/\/ladepeche.mr\/index.php?rest_route=\/wp\/v2\/posts\/10249","targetHints":{"allow":["GET"]}}],"collection":[{"href":"https:\/\/ladepeche.mr\/index.php?rest_route=\/wp\/v2\/posts"}],"about":[{"href":"https:\/\/ladepeche.mr\/index.php?rest_route=\/wp\/v2\/types\/post"}],"author":[{"embeddable":true,"href":"https:\/\/ladepeche.mr\/index.php?rest_route=\/wp\/v2\/users\/2"}],"replies":[{"embeddable":true,"href":"https:\/\/ladepeche.mr\/index.php?rest_route=%2Fwp%2Fv2%2Fcomments&post=10249"}],"version-history":[{"count":1,"href":"https:\/\/ladepeche.mr\/index.php?rest_route=\/wp\/v2\/posts\/10249\/revisions"}],"predecessor-version":[{"id":10251,"href":"https:\/\/ladepeche.mr\/index.php?rest_route=\/wp\/v2\/posts\/10249\/revisions\/10251"}],"wp:featuredmedia":[{"embeddable":true,"href":"https:\/\/ladepeche.mr\/index.php?rest_route=\/wp\/v2\/media\/10250"}],"wp:attachment":[{"href":"https:\/\/ladepeche.mr\/index.php?rest_route=%2Fwp%2Fv2%2Fmedia&parent=10249"}],"wp:term":[{"taxonomy":"category","embeddable":true,"href":"https:\/\/ladepeche.mr\/index.php?rest_route=%2Fwp%2Fv2%2Fcategories&post=10249"},{"taxonomy":"post_tag","embeddable":true,"href":"https:\/\/ladepeche.mr\/index.php?rest_route=%2Fwp%2Fv2%2Ftags&post=10249"}],"curies":[{"name":"wp","href":"https:\/\/api.w.org\/{rel}","templated":true}]}}