{"id":10252,"date":"2024-07-15T19:20:01","date_gmt":"2024-07-15T19:20:01","guid":{"rendered":"https:\/\/ladepeche.mr\/?p=10252"},"modified":"2024-07-15T19:20:01","modified_gmt":"2024-07-15T19:20:01","slug":"rim-france-sem-a-garcia-a-al-akhbar-les-relations-bilaterales-sont-tres-bonnes","status":"publish","type":"post","link":"https:\/\/ladepeche.mr\/?p=10252","title":{"rendered":"RIM-France\/ SEM. A. Garcia\u00a0\u00e0 Al Akhbar : \u00ab\u00a0Les relations bilat\u00e9rales sont tr\u00e8s bonnes\u00a0\u00bb"},"content":{"rendered":"<p>L\u2019ambassadeur de France en Mauritanie a indiqu\u00e9, dans un entretien avec nos confr\u00e8res de \u00abAl Akhbar\u00a0\u00bb, que les relations bilat\u00e9rales entre la Mauritanie et la France sont bonnes. Il a \u00e9galement estim\u00e9 qu\u2019elles \u00e9taient vari\u00e9es et couvraient diff\u00e9rents domaines. Selon nos confr\u00e8res, cette interview s\u2019est appesantie sur divers sujets du partenariat franco-mauritanien comme l\u2019\u00e9nergie, l&#8217;hydro\u00e9lectricit\u00e9, la r\u00e9duction des in\u00e9galit\u00e9s, la lutte contre la pauvret\u00e9, l&#8217;agriculture, le d\u00e9veloppement rural, l&#8217;\u00e9ducation, la formation, \u00a0la sant\u00e9 en sus de la coop\u00e9ration militaire, la s\u00e9curit\u00e9 int\u00e9rieure&#8230;<\/p>\n<p>A. Garcia a encore pr\u00e9cis\u00e9 dans cet entretien dont l\u2019int\u00e9gralit\u00e9 sera diffus\u00e9e ult\u00e9rieurement que \u00ab les excellentes relations et les \u00e9changes r\u00e9guliers entre les deux chefs d\u2019Etat \u00bb raffermissent les relations politiques entre les deux pays. Il a, \u00e0 cet effet, fait remarquer les visites r\u00e9p\u00e9t\u00e9es de Ghazouani en France dont la derni\u00e8re en date remonterait au 29 mai dernier pour un d\u00e9jeuner \u00e0 l\u2019Elys\u00e9e. Il a encore r\u00e9v\u00e9l\u00e9 que le pr\u00e9sident Ghazouani prendra part \u00e0 la c\u00e9r\u00e9monie d&#8217;ouverture des Jeux olympiques de 2024 \u00e0 Paris, et qu\u2019il participera \u00e9galement, en octobre prochain, au 19e sommet de la Francophonie.<\/p>\n<p>A. Garcia a, par ailleurs, affirm\u00e9 que &#8220;la France et la Mauritanie partagent une vision commune sur la plupart des grands dossiers internationaux et r\u00e9gionaux, notamment la question de la s\u00e9curit\u00e9 dans la r\u00e9gion du Sahel&#8221;, soulignant que &#8220;les communications sont r\u00e9guli\u00e8res entre les ministres, les parlementaires, les hauts responsables des arm\u00e9es\u2026&#8221;. L\u2019ambassadeur fran\u00e7ais a encore rappel\u00e9 le r\u00f4le jou\u00e9 par les diasporas mauritaniennes et fran\u00e7aises pour consolider une vieille amiti\u00e9 agissante entre les deux pays.<\/p>\n","protected":false},"excerpt":{"rendered":"<p>L\u2019ambassadeur de France en Mauritanie a indiqu\u00e9, dans un entretien avec nos confr\u00e8res de \u00abAl Akhbar\u00a0\u00bb, que les relations bilat\u00e9rales entre la Mauritanie et la France sont bonnes. Il a \u00e9galement estim\u00e9 qu\u2019elles \u00e9taient vari\u00e9es et couvraient diff\u00e9rents domaines. Selon nos confr\u00e8res, cette interview s\u2019est appesantie sur divers sujets du partenariat franco-mauritanien comme l\u2019\u00e9nergie, l&#8217;hydro\u00e9lectricit\u00e9, &hellip;<\/p>\n","protected":false},"author":2,"featured_media":10253,"comment_status":"open","ping_status":"open","sticky":false,"template":"","format":"standard","meta":{"footnotes":""},"categories":[18],"tags":[],"class_list":["post-10252","post","type-post","status-publish","format-standard","has-post-thumbnail","hentry","category-actualites"],"_links":{"self":[{"href":"https:\/\/ladepeche.mr\/index.php?rest_route=\/wp\/v2\/posts\/10252","targetHints":{"allow":["GET"]}}],"collection":[{"href":"https:\/\/ladepeche.mr\/index.php?rest_route=\/wp\/v2\/posts"}],"about":[{"href":"https:\/\/ladepeche.mr\/index.php?rest_route=\/wp\/v2\/types\/post"}],"author":[{"embeddable":true,"href":"https:\/\/ladepeche.mr\/index.php?rest_route=\/wp\/v2\/users\/2"}],"replies":[{"embeddable":true,"href":"https:\/\/ladepeche.mr\/index.php?rest_route=%2Fwp%2Fv2%2Fcomments&post=10252"}],"version-history":[{"count":1,"href":"https:\/\/ladepeche.mr\/index.php?rest_route=\/wp\/v2\/posts\/10252\/revisions"}],"predecessor-version":[{"id":10254,"href":"https:\/\/ladepeche.mr\/index.php?rest_route=\/wp\/v2\/posts\/10252\/revisions\/10254"}],"wp:featuredmedia":[{"embeddable":true,"href":"https:\/\/ladepeche.mr\/index.php?rest_route=\/wp\/v2\/media\/10253"}],"wp:attachment":[{"href":"https:\/\/ladepeche.mr\/index.php?rest_route=%2Fwp%2Fv2%2Fmedia&parent=10252"}],"wp:term":[{"taxonomy":"category","embeddable":true,"href":"https:\/\/ladepeche.mr\/index.php?rest_route=%2Fwp%2Fv2%2Fcategories&post=10252"},{"taxonomy":"post_tag","embeddable":true,"href":"https:\/\/ladepeche.mr\/index.php?rest_route=%2Fwp%2Fv2%2Ftags&post=10252"}],"curies":[{"name":"wp","href":"https:\/\/api.w.org\/{rel}","templated":true}]}}