{"id":1026,"date":"2022-07-14T13:13:25","date_gmt":"2022-07-14T13:13:25","guid":{"rendered":"http:\/\/ladepeche.mr\/?p=1026"},"modified":"2022-07-14T13:13:25","modified_gmt":"2022-07-14T13:13:25","slug":"politique-rencontre-entre-le-ministre-et-des-partis-politiques-communique-du-ministere-de-linterieur","status":"publish","type":"post","link":"https:\/\/ladepeche.mr\/?p=1026","title":{"rendered":"Politique : Rencontre entre le ministre et des partis politiques (communiqu\u00e9 du minist\u00e8re de l\u2019int\u00e9rieur)"},"content":{"rendered":"<p>En r\u00e9ponse \u00e0 l&#8217;invitation que le Minist\u00e8re de l&#8217;Int\u00e9rieur et de la D\u00e9centralisation a adress\u00e9e aux chefs de partis politiques, les locaux du Minist\u00e8re ont abrit\u00e9, mardi 12 juillet 2022, une r\u00e9union qui a \u00e9t\u00e9 pr\u00e9sid\u00e9e par le Ministre de l&#8217;Int\u00e9rieur et de la D\u00e9centralisation, \u00e0 laquelle ont particip\u00e9 les repr\u00e9sentants de vingt-deux partis politiques.<\/p>\n<p>Ouvrant la r\u00e9union, le ministre a remerci\u00e9 les participants et a exprim\u00e9 son enti\u00e8re satisfaction pour la r\u00e9ponse des partis politiques \u00e0 cette invitation avant de souligner le fait que l&#8217;invitation intervient conform\u00e9ment aux instructions de Son Excellence le Pr\u00e9sident de la R\u00e9publique, M. Mohamed Ould Cheikh El Ghazouani.<\/p>\n<p>Ainsi le ministre a indiqu\u00e9 que le but de la r\u00e9union est de pr\u00e9parer au plus t\u00f4t les prochaines \u00e9lections, afin qu&#8217;elles se d\u00e9roulent dans les d\u00e9lais constitutionnels et dans les meilleures conditions, de mani\u00e8re transparente et convaincante garantissant \u00e0 tous le droit de participer aux \u00e9lections dans le respect des textes relatifs aux \u00e9lections et aux pouvoirs accord\u00e9s aux diff\u00e9rentes parties concern\u00e9es, notamment la Commission \u00e9lectorale nationale ind\u00e9pendante.<\/p>\n<p>Le ministre a par ailleurs appel\u00e9 \u00e0 la concertation et \u00e0 la coordination entre les diff\u00e9rentes parties concern\u00e9es que sont la Commission \u00e9lectorale nationale ind\u00e9pendante, les partis politiques, les organisations de la soci\u00e9t\u00e9 civile au sujet des dispositions relatives \u00e0 la pr\u00e9paration des \u00e9lections, notamment en ce qui concerne les textes organisant les \u00e9lections ainsi que les questions ayant trait aux ressources humaines ou \u00e0 la logistiques n\u00e9cessaires au bon d\u00e9roulement des op\u00e9rations \u00e9lectorales.<\/p>\n<p>Tour \u00e0 tour, les chefs et repr\u00e9sentants des partis politiques ont exprim\u00e9 leur satisfaction quant \u00e0 l&#8217;importance de cette rencontre qu&#8217;ils ont qualifi\u00e9e d&#8217;importante et d\u2019indispensable, et ont soulign\u00e9 la n\u00e9cessit\u00e9 d&#8217;efforts concert\u00e9s pour atteindre les objectifs souhait\u00e9s.<\/p>\n<p>Au cours de cette rencontre, des discussions libres, franches et approfondies sur les diff\u00e9rentes questions soulev\u00e9es ont eu lieu dans une atmosph\u00e8re amicale et constructive.<\/p>\n<p>\u00c0 l&#8217;issue de la r\u00e9union, il a \u00e9t\u00e9 conclu ce qui suit :<br \/>\n&#8211; Le minist\u00e8re et les partis politiques pr\u00e9sents s&#8217;efforcent d&#8217;associer dans les meilleurs d\u00e9lais les partis politiques absents \u00e0 cette concertation,<br \/>\nFournir \u00e0 tous les partis politiques &#8211; par \u00e9crit &#8211; les propositions qui ont \u00e9t\u00e9 pr\u00e9sent\u00e9es lors de la r\u00e9union,<br \/>\n&#8211; Pr\u00e9parer les r\u00e9ponses et les propositions des partis politiques et en informer le Minist\u00e8re,<br \/>\n&#8211; R\u00e9daction de rapports par une commission tripartite compos\u00e9e de partis de l\u2019opposition, de partis de la majorit\u00e9 et du personnel du minist\u00e8re de l&#8217;Int\u00e9rieur,<br \/>\n&#8211; L&#8217;approbation des trois parties sur le rapport final et le plan d&#8217;action, y compris les \u00e9ch\u00e9anciers<\/p>\n<p>&nbsp;<\/p>\n<p>Source Ami<\/p>\n","protected":false},"excerpt":{"rendered":"<p>En r\u00e9ponse \u00e0 l&#8217;invitation que le Minist\u00e8re de l&#8217;Int\u00e9rieur et de la D\u00e9centralisation a adress\u00e9e aux chefs de partis politiques, les locaux du Minist\u00e8re ont abrit\u00e9, mardi 12 juillet 2022, une r\u00e9union qui a \u00e9t\u00e9 pr\u00e9sid\u00e9e par le Ministre de l&#8217;Int\u00e9rieur et de la D\u00e9centralisation, \u00e0 laquelle ont particip\u00e9 les repr\u00e9sentants de vingt-deux partis politiques. &hellip;<\/p>\n","protected":false},"author":1,"featured_media":1027,"comment_status":"open","ping_status":"open","sticky":false,"template":"","format":"standard","meta":{"footnotes":""},"categories":[18],"tags":[],"class_list":["post-1026","post","type-post","status-publish","format-standard","has-post-thumbnail","hentry","category-actualites"],"_links":{"self":[{"href":"https:\/\/ladepeche.mr\/index.php?rest_route=\/wp\/v2\/posts\/1026","targetHints":{"allow":["GET"]}}],"collection":[{"href":"https:\/\/ladepeche.mr\/index.php?rest_route=\/wp\/v2\/posts"}],"about":[{"href":"https:\/\/ladepeche.mr\/index.php?rest_route=\/wp\/v2\/types\/post"}],"author":[{"embeddable":true,"href":"https:\/\/ladepeche.mr\/index.php?rest_route=\/wp\/v2\/users\/1"}],"replies":[{"embeddable":true,"href":"https:\/\/ladepeche.mr\/index.php?rest_route=%2Fwp%2Fv2%2Fcomments&post=1026"}],"version-history":[{"count":2,"href":"https:\/\/ladepeche.mr\/index.php?rest_route=\/wp\/v2\/posts\/1026\/revisions"}],"predecessor-version":[{"id":5031,"href":"https:\/\/ladepeche.mr\/index.php?rest_route=\/wp\/v2\/posts\/1026\/revisions\/5031"}],"wp:featuredmedia":[{"embeddable":true,"href":"https:\/\/ladepeche.mr\/index.php?rest_route=\/wp\/v2\/media\/1027"}],"wp:attachment":[{"href":"https:\/\/ladepeche.mr\/index.php?rest_route=%2Fwp%2Fv2%2Fmedia&parent=1026"}],"wp:term":[{"taxonomy":"category","embeddable":true,"href":"https:\/\/ladepeche.mr\/index.php?rest_route=%2Fwp%2Fv2%2Fcategories&post=1026"},{"taxonomy":"post_tag","embeddable":true,"href":"https:\/\/ladepeche.mr\/index.php?rest_route=%2Fwp%2Fv2%2Ftags&post=1026"}],"curies":[{"name":"wp","href":"https:\/\/api.w.org\/{rel}","templated":true}]}}