{"id":10263,"date":"2024-07-17T12:16:54","date_gmt":"2024-07-17T12:16:54","guid":{"rendered":"https:\/\/ladepeche.mr\/?p=10263"},"modified":"2024-07-17T12:16:54","modified_gmt":"2024-07-17T12:16:54","slug":"5eme-ag-de-lalliance-sahel-les-ambitions-politiques-refroidies","status":"publish","type":"post","link":"https:\/\/ladepeche.mr\/?p=10263","title":{"rendered":"5\u00e8me AG de l\u2019Alliance Sahel : Les ambitions politiques refroidies ?!"},"content":{"rendered":"<p>L\u2019engouement pour la coop\u00e9ration qui a suivi la mise en place de l\u2019Alliance Sahel, en 2017, dans le sillage de la cr\u00e9ation du G5S, s\u2019est compl\u00e8tement \u00e9mouss\u00e9 avec l\u2019instabilit\u00e9 politique v\u00e9cue dans certains Etats sah\u00e9liens. Mais l\u2019AS, faite des principaux pays et organisations donateurs ne d\u00e9sarme pas face \u00e0 \u00abla complexit\u00e9 \u00bb de la situation.<br \/>\n\u00ab Nous nous engageons \u00e0 soutenir activement ces efforts et \u00e0 collaborer \u00e9troitement dans les domaines o\u00f9 la coop\u00e9ration est activement recherch\u00e9e et o\u00f9 les int\u00e9r\u00eats communs se rejoignent \u00bb. Cette phrase chute de la d\u00e9claration finale qui a sanctionn\u00e9 les travaux de la 5\u00e8me AG de l\u2019AS, tenue \u00e0 Berlin (Allemagne) et pr\u00e9sid\u00e9e par la ministre allemande, Svenja Schulze, en dit long des incompr\u00e9hensions et des d\u00e9convenues intervenues dans les relations de l\u2019AS avec les autorit\u00e9s des trois pays sah\u00e9liens o\u00f9 des putschs sont intervenus.<br \/>\nDes d\u00e9sagr\u00e9ments pouss\u00e9s parfois \u00e0 l\u2019hostilit\u00e9 entre les principaux pays donateurs de la plateforme et les putschistes arriv\u00e9s au pouvoir au Mali, au Burkina et au Niger. Des malentendus, sans doute, exacerb\u00e9s par l\u2019immixtion des milices Wagner qui ont supplant\u00e9 les forces militaires de l\u2019Otan, avec en toile de fonds la crise ukrainienne entre l\u2019Occident et la Russie. Le climat n\u2019est pas, dans cette atmosph\u00e8re de suspicion, aux grands amours. Pour autant, la d\u00e9claration de Berlin marque l\u2019engagement de l\u2019AS et les contours du terrain de la coop\u00e9ration. Au cours de cette AG, les membres de l\u2019Alliance Sahel ont r\u00e9it\u00e9r\u00e9 leur engagement collectif \u00e0 r\u00e9pondre aux priorit\u00e9s de d\u00e9veloppement de la r\u00e9gion. \u00abJe suis convaincue qu\u2019en ces temps difficiles, il est particuli\u00e8rement important de poursuivre notre engagement et notre dialogue. \u00bb dira Mme Schulze comme pour exorciser toute supputation. Elle veut ainsi maintenir les ponts avec les diff\u00e9rentes parties d\u2019autant que parmi les pays sah\u00e9liens, m\u00eame s\u2019ils sont aujourd\u2019hui minoritaires, il y a de \u00ab bons \u00e9l\u00e8ves\u00bb comme la Mauritanie ou encore le Tchad. \u00abNous r\u00e9affirmons notre engagement commun \u00e0 traiter conjointement les priorit\u00e9s de la r\u00e9gion en mati\u00e8re de d\u00e9veloppement, li\u00e9es aux d\u00e9fis interd\u00e9pendants des conflits, de gouvernance, du changement climatique et de la d\u00e9sertification\u00bb mart\u00e8le la ministre f\u00e9d\u00e9rale allemande de la Coop\u00e9ration \u00e9conomique et du D\u00e9veloppement, S.E. Svenja Schulze. Les membres de l\u2019AS ont financ\u00e9 des projets de d\u00e9veloppement, entre 2017 et 2022 pour un portefeuille de 1.330 projets d\u2019un montant total de 26,47 milliards \u20ac.<br \/>\nLa ministre allemande, pointant du doigt les changements politiques et la persistance de d\u00e9fis gigantesques, note: \u00ab\u2009j\u2019ai pu constater que notre soutien parvient jusqu\u2019aux populations. Tous les efforts que nous d\u00e9ployons sont justifi\u00e9s pour chaque nouvelle personne qui b\u00e9n\u00e9ficie d\u2019une \u00e9ducation, qui peut mieux s\u2019adapter aux effets du changement climatique ou qui peut nourrir sa famille (\u2026) Au cours de mon second mandat en tant que pr\u00e9sidente de l\u2019Alliance Sahel, je souhaite tout particuli\u00e8rement \u00eatre \u00e0 l\u2019\u00e9coute de la jeune g\u00e9n\u00e9ration sah\u00e9lienne et me concentrer sur l\u2019am\u00e9lioration de l\u2019\u00e9ducation et de la formation des jeunes dans cette r\u00e9gion.\u2009\u00bb. Les projets AS auraient ainsi b\u00e9n\u00e9fici\u00e9 \u00e0 22,5 millions de personnes (moyens de subsistance et\/ou d\u2019une assistance alimentaire), 8 millions auraient eu acc\u00e8s \u00e0 l\u2019eau potable, plus de 5 millions d\u2019enfants vaccin\u00e9s, alors qu\u20191,5 million de personnes ont b\u00e9n\u00e9fici\u00e9 d\u2019une formation professionnelle.<\/p>\n<p>Dans ce cadre, l\u2019AS avec le soutien de la BM entend initier un nouvel instrument de mobilisation de fonds baptis\u00e9 \u00ab RELANCE \u00bb pour soutenir l\u2019\u00e9ducation et le d\u00e9veloppement des comp\u00e9tences. L\u2019AS a salu\u00e9, par ailleurs, la cr\u00e9ation du Fonds fiduciaire pour le Sahel et les pays c\u00f4tiers de l\u2019Afrique de l\u2019Ouest, nouvel instrument qui pourrait \u00e9largir son champ plus \u00e0 l\u2019ouest du continent pour soutenir d\u2019autres initiatives ou regroupements.<br \/>\nLe ministre mauritanien de l\u2019\u00e9conomie et du d\u00e9veloppement durable, Abdessalam Ould Mohamed Saleh, a \u00e9galement \u00e9voqu\u00e9 les d\u00e9fis et enjeux de paix, de s\u00e9curit\u00e9 et de d\u00e9veloppement mettant en valeur l\u2019int\u00e9r\u00eat pour la r\u00e9gion d\u2019un engagement international pour venir en aide aux pays et aux populations de la r\u00e9gion dans leurs qu\u00eates d\u2019une s\u00e9curit\u00e9 alimentaire et \u00e0 la r\u00e9silience face au changement climatique et \u00e0 l\u2019impact des d\u00e9placements de populations comme les crises des r\u00e9fugi\u00e9s.<\/p>\n","protected":false},"excerpt":{"rendered":"<p>L\u2019engouement pour la coop\u00e9ration qui a suivi la mise en place de l\u2019Alliance Sahel, en 2017, dans le sillage de la cr\u00e9ation du G5S, s\u2019est compl\u00e8tement \u00e9mouss\u00e9 avec l\u2019instabilit\u00e9 politique v\u00e9cue dans certains Etats sah\u00e9liens. Mais l\u2019AS, faite des principaux pays et organisations donateurs ne d\u00e9sarme pas face \u00e0 \u00abla complexit\u00e9 \u00bb de la situation. &hellip;<\/p>\n","protected":false},"author":2,"featured_media":10264,"comment_status":"open","ping_status":"open","sticky":false,"template":"","format":"standard","meta":{"footnotes":""},"categories":[18,2,29],"tags":[],"class_list":["post-10263","post","type-post","status-publish","format-standard","has-post-thumbnail","hentry","category-actualites","category-economie","category-monde"],"_links":{"self":[{"href":"https:\/\/ladepeche.mr\/index.php?rest_route=\/wp\/v2\/posts\/10263","targetHints":{"allow":["GET"]}}],"collection":[{"href":"https:\/\/ladepeche.mr\/index.php?rest_route=\/wp\/v2\/posts"}],"about":[{"href":"https:\/\/ladepeche.mr\/index.php?rest_route=\/wp\/v2\/types\/post"}],"author":[{"embeddable":true,"href":"https:\/\/ladepeche.mr\/index.php?rest_route=\/wp\/v2\/users\/2"}],"replies":[{"embeddable":true,"href":"https:\/\/ladepeche.mr\/index.php?rest_route=%2Fwp%2Fv2%2Fcomments&post=10263"}],"version-history":[{"count":1,"href":"https:\/\/ladepeche.mr\/index.php?rest_route=\/wp\/v2\/posts\/10263\/revisions"}],"predecessor-version":[{"id":10265,"href":"https:\/\/ladepeche.mr\/index.php?rest_route=\/wp\/v2\/posts\/10263\/revisions\/10265"}],"wp:featuredmedia":[{"embeddable":true,"href":"https:\/\/ladepeche.mr\/index.php?rest_route=\/wp\/v2\/media\/10264"}],"wp:attachment":[{"href":"https:\/\/ladepeche.mr\/index.php?rest_route=%2Fwp%2Fv2%2Fmedia&parent=10263"}],"wp:term":[{"taxonomy":"category","embeddable":true,"href":"https:\/\/ladepeche.mr\/index.php?rest_route=%2Fwp%2Fv2%2Fcategories&post=10263"},{"taxonomy":"post_tag","embeddable":true,"href":"https:\/\/ladepeche.mr\/index.php?rest_route=%2Fwp%2Fv2%2Ftags&post=10263"}],"curies":[{"name":"wp","href":"https:\/\/api.w.org\/{rel}","templated":true}]}}