{"id":10266,"date":"2024-07-17T12:23:16","date_gmt":"2024-07-17T12:23:16","guid":{"rendered":"https:\/\/ladepeche.mr\/?p=10266"},"modified":"2024-07-17T12:23:16","modified_gmt":"2024-07-17T12:23:16","slug":"ould-mohamed-saleh-a-dw-la-mauritanie-joue-un-role-central-dans-la-region","status":"publish","type":"post","link":"https:\/\/ladepeche.mr\/?p=10266","title":{"rendered":"Ould Mohamed Saleh \u00e0 DW: La Mauritanie joue un &#8220;r\u00f4le central dans la r\u00e9gion&#8221;."},"content":{"rendered":"<p>Dans une interview accord\u00e9e \u00e0 la cha\u00eene allemande DW, le ministre de l&#8217;\u00c9conomie expose l\u2019exp\u00e9rience de notre pays en mati\u00e8re de capital humain, d&#8217;\u00e9ducation et de protection sociale<\/p>\n<p>Son Excellence le ministre de l&#8217;\u00c9conomie et du D\u00e9veloppement Durable, Abdessalam Ould Mohamed Saleh, a accord\u00e9 une interview \u00e0 la cha\u00eene allemande Deutsche Welle (DW), au cours de laquelle il a fait le point sur l&#8217;exp\u00e9rience de notre pays en mati\u00e8re de protection sociale, priorit\u00e9 majeure de Son Excellence le Pr\u00e9sident de la R\u00e9publique, Monsieur Mohamed Ould Cheikh El Ghazouani, en vue d\u2019am\u00e9liorer l\u2019existence des groupes vuln\u00e9rables.<\/p>\n<p>Le ministre a \u00e9galement abord\u00e9 les relations de coop\u00e9ration \u00e9conomique et de d\u00e9veloppement existantes entre la Mauritanie et l&#8217;Allemagne, ainsi qu&#8217;entre la Mauritanie et l&#8217;Union Europ\u00e9enne, mettant en exergue la diversit\u00e9 et la solidit\u00e9 caract\u00e9risant ces relations b\u00e9n\u00e9fiques pour toutes les parties.<\/p>\n<p>S&#8217;agissant de la situation dans la r\u00e9gion du Sahel et les d\u00e9fis auxquels elle fait face, le ministre a \u00e9voqu\u00e9 les crises s\u00e9curitaires et de d\u00e9veloppement, le changement climatique et ses effets n\u00e9fastes qui ont accentu\u00e9 l\u2019exode rural, la crise des r\u00e9fugi\u00e9s et la fragilit\u00e9 sociale, accompagn\u00e9s d&#8217;une crise alimentaire dans la r\u00e9gion. Il a \u00e9galement \u00e9voqu\u00e9 les moyens susceptibles de renforcer le d\u00e9veloppement et la stabilit\u00e9 s\u00e9curitaire ainsi que le r\u00f4le central de la Mauritanie dans la r\u00e9gion.<\/p>\n<p>Le ministre a, par ailleurs, soulign\u00e9 l&#8217;importance du capital humain \u00e0 travers le renforcement de l&#8217;\u00e9ducation, de la sant\u00e9 et de l&#8217;emploi des jeunes, en mettant en avant les diff\u00e9rentes strat\u00e9gies et politiques adopt\u00e9es par notre pays dans ce domaine, citant le mod\u00e8le mauritanien dans le renforcement de la protection sociale.<\/p>\n<p>Le ministre a \u00e9galement abord\u00e9 la question des r\u00e9fugi\u00e9s dans notre pays ainsi que les efforts consid\u00e9rables d\u00e9ploy\u00e9s par la Mauritanie, pour g\u00e9rer cette situation.<\/p>\n<p>En conclusion, M. Ould Mohamed Saleh a \u00e9voqu\u00e9 les m\u00e9canismes mis en place par la Mauritanie pour promouvoir les investissements, notamment par des incitations importantes destin\u00e9es \u00e0 attirer les investisseurs \u00e9trangers, passant en revue les nombreuses potentialit\u00e9s qu\u2019offre notre pays ainsi que les principales opportunit\u00e9s d\u2019investissement.<\/p>\n","protected":false},"excerpt":{"rendered":"<p>Dans une interview accord\u00e9e \u00e0 la cha\u00eene allemande DW, le ministre de l&#8217;\u00c9conomie expose l\u2019exp\u00e9rience de notre pays en mati\u00e8re de capital humain, d&#8217;\u00e9ducation et de protection sociale Son Excellence le ministre de l&#8217;\u00c9conomie et du D\u00e9veloppement Durable, Abdessalam Ould Mohamed Saleh, a accord\u00e9 une interview \u00e0 la cha\u00eene allemande Deutsche Welle (DW), au cours &hellip;<\/p>\n","protected":false},"author":2,"featured_media":10267,"comment_status":"open","ping_status":"open","sticky":false,"template":"","format":"standard","meta":{"footnotes":""},"categories":[18,2],"tags":[],"class_list":["post-10266","post","type-post","status-publish","format-standard","has-post-thumbnail","hentry","category-actualites","category-economie"],"_links":{"self":[{"href":"https:\/\/ladepeche.mr\/index.php?rest_route=\/wp\/v2\/posts\/10266","targetHints":{"allow":["GET"]}}],"collection":[{"href":"https:\/\/ladepeche.mr\/index.php?rest_route=\/wp\/v2\/posts"}],"about":[{"href":"https:\/\/ladepeche.mr\/index.php?rest_route=\/wp\/v2\/types\/post"}],"author":[{"embeddable":true,"href":"https:\/\/ladepeche.mr\/index.php?rest_route=\/wp\/v2\/users\/2"}],"replies":[{"embeddable":true,"href":"https:\/\/ladepeche.mr\/index.php?rest_route=%2Fwp%2Fv2%2Fcomments&post=10266"}],"version-history":[{"count":1,"href":"https:\/\/ladepeche.mr\/index.php?rest_route=\/wp\/v2\/posts\/10266\/revisions"}],"predecessor-version":[{"id":10268,"href":"https:\/\/ladepeche.mr\/index.php?rest_route=\/wp\/v2\/posts\/10266\/revisions\/10268"}],"wp:featuredmedia":[{"embeddable":true,"href":"https:\/\/ladepeche.mr\/index.php?rest_route=\/wp\/v2\/media\/10267"}],"wp:attachment":[{"href":"https:\/\/ladepeche.mr\/index.php?rest_route=%2Fwp%2Fv2%2Fmedia&parent=10266"}],"wp:term":[{"taxonomy":"category","embeddable":true,"href":"https:\/\/ladepeche.mr\/index.php?rest_route=%2Fwp%2Fv2%2Fcategories&post=10266"},{"taxonomy":"post_tag","embeddable":true,"href":"https:\/\/ladepeche.mr\/index.php?rest_route=%2Fwp%2Fv2%2Ftags&post=10266"}],"curies":[{"name":"wp","href":"https:\/\/api.w.org\/{rel}","templated":true}]}}