{"id":10272,"date":"2024-07-18T12:31:05","date_gmt":"2024-07-18T12:31:05","guid":{"rendered":"https:\/\/ladepeche.mr\/?p=10272"},"modified":"2024-07-18T13:36:18","modified_gmt":"2024-07-18T13:36:18","slug":"tapis-rouge-au-capitole-pour-netanyahou-prime-americaine-au-genocide-a-gaza","status":"publish","type":"post","link":"https:\/\/ladepeche.mr\/?p=10272","title":{"rendered":"Tapis rouge au Capitole pour Netanyahou\u00a0: Prime am\u00e9ricaine au g\u00e9nocide isra\u00e9lien \u00e0 Gaza"},"content":{"rendered":"<p>Le 24 juillet 2024, le criminel de guerre, recherch\u00e9 aussi par la Cour Internationale de Justice, pour crime contre l&#8217;Humanit\u00e9, B. Netanyahou, premier Ministre du Likoud, est invit\u00e9 \u00e0 prendre la parole devant le Congr\u00e8s am\u00e9ricain. Il vient demander un renfort militaire et \u00e9conomique pour massacrer encore plus d\u2019enfants palestiniens. Une demande qui aura, sans doute, un \u00e9cho favorable aupr\u00e8s du gouvernement Us qui, m\u00eame s\u2019il s\u2019en d\u00e9fend, est activement complice dans les atrocit\u00e9s perp\u00e9tr\u00e9es par l\u2019extr\u00eame droite isra\u00e9lienne en Palestine.<\/p>\n<p>Contest\u00e9 dans son propre pays par ses compatriotes, qui lui reprochent de faire passer ses int\u00e9r\u00eats politiques avant la lib\u00e9ration des otages entre les mains du Hamas, le premier Ministre B. Netanyahou, recherch\u00e9 par la communaut\u00e9 internationale pour crimes de guerre et contre l\u2019Humanit\u00e9, n\u2019aurait pas fait le voyage aux Etats-Unis s\u2019il n\u2019\u00e9tait pas assur\u00e9 de ne pas \u00eatre inqui\u00e9t\u00e9 et d\u2019avoir gain de cause aupr\u00e8s du Congr\u00e8s.<\/p>\n<p><strong>D\u00e9phasage avec les opinions publiques<\/strong><\/p>\n<p>Netanyahou, pr\u00e9vu \u00e0 la t\u00eate d\u2019une petite d\u00e9l\u00e9gation pour un voyage direct, \u00e9vitant des escales dans des pays o\u00f9 il pourrait \u00eatre arr\u00eat\u00e9, sait qu\u2019il a dans sa poche tous les d\u00e9cideurs am\u00e9ricains. Au-del\u00e0 des raisons confessionnelles pour certains responsables de l\u2019Administration Biden, les \u00e9lus d\u00e9mocrates et r\u00e9publicains, ch\u00e8rement pay\u00e9s par l\u2019AIPAC, n\u2019ont pour seule convergence que le soutien d\u00e9mesur\u00e9 au gouvernement isra\u00e9lien, aujourd\u2019hui responsable de pr\u00e8s de 40.000 morts parmi la population palestinienne. La moiti\u00e9 des palestiniens extermin\u00e9s sont des enfants. La visite avait \u00e9t\u00e9 d\u00e9j\u00e0 qualifi\u00e9e par le chef r\u00e9publicain de la Chambre des repr\u00e9sentants, Mike Johnson, d &#8220;opportune et (&#8230;) tr\u00e8s forte de soutien au gouvernement isra\u00e9lien au moment o\u00f9 il en a le plus besoin&#8221;. Entendez par-l\u00e0 un soutien au moment o\u00f9 l\u2019humanit\u00e9 enti\u00e8re condamne la violence et la cruaut\u00e9 que Netanyahou et son gouvernement infligent aux populations palestiniennes. La cause est entendue d&#8217;avance. Pour les \u00e9lus am\u00e9ricains, les besoins d\u2019Isra\u00e9l passent avant ceux de leurs propres compatriotes ; que dire alors des palestiniens. B. Netanyhou est donc &#8220;intouchable&#8221; pour cette cat\u00e9gorie d\u2019\u00e9lus am\u00e9ricains. Ces derniers n&#8217;avaient d&#8217;ailleurs pas h\u00e9sit\u00e9 \u00e0 menacer de repr\u00e9sailles le procureur en chef de la Cour Internationale de Justice \u00e0 la suite du mandat d\u2019arr\u00eat d\u00e9livr\u00e9 contre le PM isra\u00e9lien pour crime de guerre et contre l&#8217;humanit\u00e9. Un soutien aveugle que la r\u00e9tention de l&#8217;information dans les grands m\u00e9dias am\u00e9ricains avait rendu possible.<\/p>\n<p>Mais ce n\u2019est, sans doute, plus l\u2019opinion de millions de citoyens am\u00e9ricains, sevr\u00e9s par les m\u00e9dias US mais qui red\u00e9couvrent l\u2019horreur isra\u00e9lienne. Ils forment d\u00e9j\u00e0 des comit\u00e9s d\u2019accueil contre l\u2019arriv\u00e9e de B. Netanyahou et se disent r\u00e9volt\u00e9s de voir les taxes qu\u2019ils paient aller au soutien multiforme de leur pays \u00e0 l\u2019entreprise g\u00e9nocidaire de Netanyahou en Palestine. Les populations y compris les juifs am\u00e9ricains r\u00e9cusent dor\u00e9navant ce soutien et se disent indiff\u00e9rents aux contingences des administrations. Les populations am\u00e9ricaines, et occidentales en g\u00e9n\u00e9ral, sont de plus en plus exacerb\u00e9es par la tentative de confusion que l\u2019extr\u00eame droite isra\u00e9lienne veut impr\u00e9gner aux manifestations en criant \u00e0 l\u2019antis\u00e9mitisme pour camoufler ses massacres racistes et supr\u00e9matistes \u00e0 Gaza. L&#8217;antis\u00e9mitisme est galvaud\u00e9 et vid\u00e9 de son sens par les sionistes pour justifier des massacres inhumains en Palestine occup\u00e9e.<\/p>\n<p><strong>&#8220;Not in our names&#8221;<\/strong><\/p>\n<p>Les citoyens am\u00e9ricains d\u00e9nient, de plus en plus,\u00a0 tout soutien \u00e0 Isra\u00e9l dans son \u0153uvre barbare contre les palestiniens. Dans les universit\u00e9s, dans les rues, les foyers ordinaires, sur les r\u00e9seaux sociaux, c\u2019est le rejet total de cette complicit\u00e9 des gouvernements (d\u00e9mocrates ou r\u00e9publicains) qui bafouent les valeurs de l\u2019Am\u00e9rique et de l&#8217;humanit\u00e9.<\/p>\n<p>Quoique disent, en effet, les responsables am\u00e9ricains plus personne n\u2019a de doute que, sans leur appui \u00e0 l\u2019extr\u00eame droite isra\u00e9lienne, il n\u2019y aurait pas eu ce drame cruel, ce bain de sang contre des dizaines de milliers de civils \u00e0 Gaza, Rafah, Choujaia, Jenine, Deir El Belah\u2026Pour mil fois moins que ce bilan meurtrier, Poutine est devenu le paria de l\u2019Occident. Au nom d&#8217;une d\u00e9mocratie \u00e0 deux visages, l&#8217;Occident le met en quarantaine depuis mars 2023. Pour avoir annex\u00e9 l\u2019Ukraine, les pays occidentaux livrent leurs armes destructrices \u00e0 Zelenski, d\u00e9tournent ses avoirs gel\u00e9s dans leurs comptes, le mettent en quarantaine et lui r\u00e9clament d&#8217;abdiquer&#8230;<\/p>\n<p>Pendant ce temps, B. Netanyahou, l\u2019assassin de dizaines de milliers d\u2019enfants, est lui assur\u00e9 de se d\u00e9placer et d\u2019\u00eatre re\u00e7u, avec \u00ab des-honneurs \u00bb, dans la capitale du monde civilis\u00e9 et d\u00e9mocratique ! Les morts palestiniens ne compteraient pas sur la grille des gouvernements Us et de l\u2019\u00e9chelle de leurs valeurs s\u00e9lectives des droits humains. Le pr\u00e9sident Biden a pourtant un autre sentiment sur la CIJ dans l&#8217;affaire Poutine et consid\u00e8re &#8220;justifi\u00e9&#8221; le mandat contre le pr\u00e9sident russe. Ce deux poids, deux mesures d\u00e9cr\u00e9dibilise, au regard de leurs propres opinions, les pays occidentaux incapables de s&#8217;en tenir \u00e0 des &#8220;crit\u00e8res immuables&#8221; pour tous.<\/p>\n<p>Dans la r\u00e9alit\u00e9, plus personne n\u2019est dupe que toutes les administrations am\u00e9ricains, sous le joug des sionistes dans leur propre pays, ne sont pas contre les monstruosit\u00e9s du gouvernement g\u00e9nocidaire isra\u00e9lien. Parfois m\u00eame elles en justifient le d\u00e9clenchement et l\u2019aboutissement. Entre une poign\u00e9e d\u2019\u00e9lus qui s\u2019y confond corps et \u00ab armes \u00bb, une autre d\u00e9veloppe des complexes et s\u2019\u00e9clipse pour ne pas essuyer les foudres d\u2019un Etat cr\u00e9\u00e9 de toutes pi\u00e8ces et se refuse m\u00eame \u00e0 une solution \u00e0 deux Etats sur le territoire historiquement palestinien. L\u2019Administration Biden, aux affaires aujourd\u2019hui, ne d\u00e9roge pas \u00e0 ce paradigme politique. La faiblesse de son actuel pr\u00e9sident pr\u00e9cipite et aggrave encore davantage l\u2019injustice envers les palestiniens et la communaut\u00e9 internationale dans son ensemble. Etait-elle capable de l&#8217;interm\u00e9diation entre les deux parties? Elle a en tout cas toujours privil\u00e9gi\u00e9 les int\u00e9r\u00eats du gouvernement isra\u00e9lien au d\u00e9triment des palestiniens.<\/p>\n<p>J.D<\/p>\n<p>&nbsp;<\/p>\n<p>&nbsp;<\/p>\n<p>&nbsp;<\/p>\n<p>&nbsp;<\/p>\n<p>&nbsp;<\/p>\n","protected":false},"excerpt":{"rendered":"<p>Le 24 juillet 2024, le criminel de guerre, recherch\u00e9 aussi par la Cour Internationale de Justice, pour crime contre l&#8217;Humanit\u00e9, B. Netanyahou, premier Ministre du Likoud, est invit\u00e9 \u00e0 prendre la parole devant le Congr\u00e8s am\u00e9ricain. Il vient demander un renfort militaire et \u00e9conomique pour massacrer encore plus d\u2019enfants palestiniens. Une demande qui aura, sans &hellip;<\/p>\n","protected":false},"author":2,"featured_media":10277,"comment_status":"open","ping_status":"open","sticky":false,"template":"","format":"standard","meta":{"footnotes":""},"categories":[18,29],"tags":[],"class_list":["post-10272","post","type-post","status-publish","format-standard","has-post-thumbnail","hentry","category-actualites","category-monde"],"_links":{"self":[{"href":"https:\/\/ladepeche.mr\/index.php?rest_route=\/wp\/v2\/posts\/10272","targetHints":{"allow":["GET"]}}],"collection":[{"href":"https:\/\/ladepeche.mr\/index.php?rest_route=\/wp\/v2\/posts"}],"about":[{"href":"https:\/\/ladepeche.mr\/index.php?rest_route=\/wp\/v2\/types\/post"}],"author":[{"embeddable":true,"href":"https:\/\/ladepeche.mr\/index.php?rest_route=\/wp\/v2\/users\/2"}],"replies":[{"embeddable":true,"href":"https:\/\/ladepeche.mr\/index.php?rest_route=%2Fwp%2Fv2%2Fcomments&post=10272"}],"version-history":[{"count":5,"href":"https:\/\/ladepeche.mr\/index.php?rest_route=\/wp\/v2\/posts\/10272\/revisions"}],"predecessor-version":[{"id":10280,"href":"https:\/\/ladepeche.mr\/index.php?rest_route=\/wp\/v2\/posts\/10272\/revisions\/10280"}],"wp:featuredmedia":[{"embeddable":true,"href":"https:\/\/ladepeche.mr\/index.php?rest_route=\/wp\/v2\/media\/10277"}],"wp:attachment":[{"href":"https:\/\/ladepeche.mr\/index.php?rest_route=%2Fwp%2Fv2%2Fmedia&parent=10272"}],"wp:term":[{"taxonomy":"category","embeddable":true,"href":"https:\/\/ladepeche.mr\/index.php?rest_route=%2Fwp%2Fv2%2Fcategories&post=10272"},{"taxonomy":"post_tag","embeddable":true,"href":"https:\/\/ladepeche.mr\/index.php?rest_route=%2Fwp%2Fv2%2Ftags&post=10272"}],"curies":[{"name":"wp","href":"https:\/\/api.w.org\/{rel}","templated":true}]}}