{"id":10284,"date":"2024-07-19T12:08:37","date_gmt":"2024-07-19T12:08:37","guid":{"rendered":"https:\/\/ladepeche.mr\/?p=10284"},"modified":"2024-07-19T12:08:37","modified_gmt":"2024-07-19T12:08:37","slug":"reduction-des-risques-de-catastrophes-climatiques-le-bouche-a-oreille-pour-des-alertes-precoces","status":"publish","type":"post","link":"https:\/\/ladepeche.mr\/?p=10284","title":{"rendered":"R\u00e9duction des risques de catastrophes\u00a0climatiques: Le bouche \u00e0 oreille pour des alertes pr\u00e9coces"},"content":{"rendered":"<p>Face \u00e0 la vuln\u00e9rabilit\u00e9 du pays et \u00e0 la r\u00e9surgence des ph\u00e9nom\u00e8nes m\u00e9t\u00e9orologiques li\u00e9s aux changements climatiques, la Mauritanie inaugure, dans le cadre de ses efforts de r\u00e9duction des risques des catastrophes, un syst\u00e8me d\u2019alertes et d\u2019informateurs de bouche \u00e0 oreille.<\/p>\n<p>Ce syst\u00e8me ourdi avec les communaut\u00e9s locales, financ\u00e9 par la protection civile et l\u2019aide humanitaire de l\u2019Union Europ\u00e9enne, a jusqu\u2019ici permis d\u2019installer des r\u00e9seaux d\u2019informateurs au niveau d\u2019une vingtaine de villages clairsem\u00e9s entre les villes de Bassiknou et Adel Baghrou, dans le Hodh Echarghi.<\/p>\n<p>Le r\u00f4le de ces informateurs est de remonter l\u2019information (alertes m\u00e9t\u00e9os, risques de s\u00e9cheresses, etc.) vers un point focal qui en v\u00e9rifie la pertinence avant d\u2019en informer les services techniques \u00e9tatiques comp\u00e9tents. Le syst\u00e8me mis en place est consid\u00e9r\u00e9 comme un bon outil de communication entre les diff\u00e9rents acteurs qui se connaissent bien mais qui peuvent se retrouver dans des endroits parfois priv\u00e9s d\u2019autres moyens d\u2019\u00e9changes.<\/p>\n<p>Notons que ces \u00e9changes sont d\u00e9ploy\u00e9s pour permettre de contenir et pr\u00e9venir les risques grandissants de s\u00e9cheresses prolong\u00e9es, des inondations et feux de brousses qui ravagent les terres arables dans les r\u00e9gions agropastorales.<\/p>\n","protected":false},"excerpt":{"rendered":"<p>Face \u00e0 la vuln\u00e9rabilit\u00e9 du pays et \u00e0 la r\u00e9surgence des ph\u00e9nom\u00e8nes m\u00e9t\u00e9orologiques li\u00e9s aux changements climatiques, la Mauritanie inaugure, dans le cadre de ses efforts de r\u00e9duction des risques des catastrophes, un syst\u00e8me d\u2019alertes et d\u2019informateurs de bouche \u00e0 oreille. Ce syst\u00e8me ourdi avec les communaut\u00e9s locales, financ\u00e9 par la protection civile et l\u2019aide &hellip;<\/p>\n","protected":false},"author":2,"featured_media":10285,"comment_status":"open","ping_status":"open","sticky":false,"template":"","format":"standard","meta":{"footnotes":""},"categories":[18,15],"tags":[],"class_list":["post-10284","post","type-post","status-publish","format-standard","has-post-thumbnail","hentry","category-actualites","category-culture"],"_links":{"self":[{"href":"https:\/\/ladepeche.mr\/index.php?rest_route=\/wp\/v2\/posts\/10284","targetHints":{"allow":["GET"]}}],"collection":[{"href":"https:\/\/ladepeche.mr\/index.php?rest_route=\/wp\/v2\/posts"}],"about":[{"href":"https:\/\/ladepeche.mr\/index.php?rest_route=\/wp\/v2\/types\/post"}],"author":[{"embeddable":true,"href":"https:\/\/ladepeche.mr\/index.php?rest_route=\/wp\/v2\/users\/2"}],"replies":[{"embeddable":true,"href":"https:\/\/ladepeche.mr\/index.php?rest_route=%2Fwp%2Fv2%2Fcomments&post=10284"}],"version-history":[{"count":1,"href":"https:\/\/ladepeche.mr\/index.php?rest_route=\/wp\/v2\/posts\/10284\/revisions"}],"predecessor-version":[{"id":10286,"href":"https:\/\/ladepeche.mr\/index.php?rest_route=\/wp\/v2\/posts\/10284\/revisions\/10286"}],"wp:featuredmedia":[{"embeddable":true,"href":"https:\/\/ladepeche.mr\/index.php?rest_route=\/wp\/v2\/media\/10285"}],"wp:attachment":[{"href":"https:\/\/ladepeche.mr\/index.php?rest_route=%2Fwp%2Fv2%2Fmedia&parent=10284"}],"wp:term":[{"taxonomy":"category","embeddable":true,"href":"https:\/\/ladepeche.mr\/index.php?rest_route=%2Fwp%2Fv2%2Fcategories&post=10284"},{"taxonomy":"post_tag","embeddable":true,"href":"https:\/\/ladepeche.mr\/index.php?rest_route=%2Fwp%2Fv2%2Ftags&post=10284"}],"curies":[{"name":"wp","href":"https:\/\/api.w.org\/{rel}","templated":true}]}}