{"id":10287,"date":"2024-07-19T13:23:32","date_gmt":"2024-07-19T13:23:32","guid":{"rendered":"https:\/\/ladepeche.mr\/?p=10287"},"modified":"2024-07-19T13:23:32","modified_gmt":"2024-07-19T13:23:32","slug":"von-der-leyen-apres-sa-reelection-a-la-presidence-de-la-ce-le-bain-de-sang-a-gaza-doit-cesser-immediatement","status":"publish","type":"post","link":"https:\/\/ladepeche.mr\/?p=10287","title":{"rendered":"Von der Leyen, apr\u00e8s sa r\u00e9\u00e9lection \u00e0 la pr\u00e9sidence de la CE\u00a0: \u00ab\u00a0Le bain de sang \u00e0 Gaza doit cesser imm\u00e9diatement\u00a0\u00bb"},"content":{"rendered":"<p>Profession de foi ou simple rh\u00e9torique politicienne, la d\u00e9claration d\u2019Ursula von der Leyen, qui rempile \u00e0 la t\u00eate de la Commission europ\u00e9enne pour un deuxi\u00e8me mandat, pour les 5 prochaines ann\u00e9es, ne laisse pourtant personne indiff\u00e9rent.<\/p>\n<p>Von der Leyen a \u00e9t\u00e9 \u00e9lue, jeudi, 18 juillet, par les eurod\u00e9put\u00e9s r\u00e9unis \u00e0 Strasbourg (France). Elle a obtenu une majorit\u00e9 absolue de de 401 voix de ses pairs europ\u00e9ens pour pr\u00e9sider aux destin\u00e9es de la CE.<\/p>\n<p>Tr\u00e8s attendue sur plusieurs sujets, la pr\u00e9sidente allemande de la Commission europ\u00e9enne, a voulu rassurer sur ses priorit\u00e9s institutionnelles, \u00e9conomiques, environnementales mais aussi de g\u00e9opolitiques. \u00a0Mais c\u2019est, dans doute, sa sortie v\u00e9h\u00e9mente contre le massacre des civils palestiniens, elle qui a souvent \u00e9t\u00e9 critiqu\u00e9e derni\u00e8rement pour ses accointances avec l\u2019extr\u00eame droite isra\u00e9lienne, qui marque un tournant dans la perception qu\u2019elle inaugure sur elle-m\u00eame. M\u00eame si le chef de la diplomatie de l\u2019ue, Josep Borrell, n\u2019a jamais, lui, m\u00e2ch\u00e9 ses mots, pour critiquer les op\u00e9rations militaires men\u00e9es par Isra\u00ebl contre les populations civiles \u00e0 Gaza, la nouvelle d\u00e9claration de Von der Leyen r\u00e9sonne comme un \u00e9norme \u00e9cho qui tonne jusqu\u2019\u00e0 Washington qui s\u2019appr\u00eate \u00e0 accueillir, le 24 juillet prochain, le PM isra\u00e9lien, objet d\u2019un mandat de la Cour Internationale de Justice pour crimes de guerre et contre l\u2019Humanit\u00e9 \u00e0 Gaza. \u00ab <em>Le bain de sang \u00e0 Gaza doit cesser imm\u00e9diatement<\/em>\u00a0\u00bb, a clairement dit la pr\u00e9sidente de la Commission Europ\u00e9enne\u00a0avant de pr\u00e9ciser que \u00ab<em>\u00a0trop d&#8217;enfants, de femmes et de civils avaient perdu la vie suite \u00e0 la r\u00e9ponse d&#8217;Isra\u00ebl au terrorisme brutal du Hamas\u00a0<\/em>\u00bb. Les mots dans la bouche de Von der Leyen ont un \u00e9norme poids. Et quand elle utilise le terme \u00ab\u00a0bain de sang\u00a0\u00bb, elle sait de quoi elle parle et appelle en cons\u00e9quence \u00e0 \u00ab\u00a0<em>un cessez-le-feu imm\u00e9diat et durable\u00a0<\/em>\u00bb. Le changement de ton chez la pr\u00e9sidente de la CE n\u2019est pas fortuit. Les opinions occidentales protestant, manifestant contre les massacres des civils par Isra\u00ebl sont, sans doute, le v\u00e9ritable moteur dans ce revirement. Mais l\u2019UE \u00e9pingl\u00e9e sur son soutien financier et militaire \u00e0 Isra\u00ebl n\u2019est pas tout \u00e0 fait sortie de la \u00ab boucherie \u00bb isra\u00e9lienne. Il va falloir plus pour que l\u2019UE officielle s\u2019absolve de ce soutien inceste et redore son blason humaniste apr\u00e8s plus de 40.000 morts \u00e0 Gaza dont la moiti\u00e9 sont des enfants. Le soutien inconditionnel au gouvernement d\u2019extr\u00eame droite isra\u00e9lienne, responsable d\u2019un g\u00e9nocide toujours en cours, a malheureusement beaucoup terni la cr\u00e9dibilit\u00e9 et l\u2019image que le reste du monde avait de l\u2019UE, per\u00e7ue, jadis, comme la v\u00e9ritable patrie de l\u2019humanisme et des droits humains. Une image qui s\u2019est l\u00e9zard\u00e9e, bris\u00e9e m\u00eame \u00e0 l\u2019autel d\u2019un soutien per\u00e7u par le criminel de guerre Netanyahou comme un signal vert au massacre aveugle de femmes, d\u2019enfants et de civils innocents. Il ne s\u2019est pas fait pri\u00e9 deux fois.<\/p>\n<p>L\u2019histoire aura permis, au moins, \u00e0 l\u2019Espagne, l&#8217;Irlande et la Norv\u00e8ge qui se sont joints \u00e0 d\u2019autres pays europ\u00e9ens comme la Su\u00e8de ou encore la Bulgarie, de se dissocier des atrocit\u00e9s commises par Isra\u00e9l, de pr\u00e9server un minimum d\u2019empathie \u00e0 l\u2019UE par leur reconnaissance de l\u2019Etat de Palestine, en vue d\u2019une solution \u00e0 deux Etats du conflit isra\u00e9lo-Palestinien. Un processus de r\u00e8glement pacifique qui, faut-il le rappeler, avait co\u00fbt\u00e9 la vie \u00e0 Y. Rabbin, alors premier ministre isra\u00e9lien, signataire de l\u2019accord de paix isra\u00e9lo-palestinien. Il fut, en effet, assassin\u00e9 \u00e0 Tel Aviv en avril 1995 pendant qu\u2019il c\u00e9l\u00e9brait cette nouvelle page qu\u2019il pensait, avec feu Arafat, pr\u00e9sident de l\u2019Autorit\u00e9 Palestinienne, ouvrir dans les relations entre les deux peuples. Mais les extr\u00e9mistes juifs dont le criminel de guette Netanayhou, qui soufflait sur les braises, aujourd\u2019hui aux commandes, ont encore ajourn\u00e9 le projet de Paix entre les fr\u00e8res ennemis.<\/p>\n<p>JD<\/p>\n<p>&nbsp;<\/p>\n","protected":false},"excerpt":{"rendered":"<p>Profession de foi ou simple rh\u00e9torique politicienne, la d\u00e9claration d\u2019Ursula von der Leyen, qui rempile \u00e0 la t\u00eate de la Commission europ\u00e9enne pour un deuxi\u00e8me mandat, pour les 5 prochaines ann\u00e9es, ne laisse pourtant personne indiff\u00e9rent. Von der Leyen a \u00e9t\u00e9 \u00e9lue, jeudi, 18 juillet, par les eurod\u00e9put\u00e9s r\u00e9unis \u00e0 Strasbourg (France). Elle a obtenu &hellip;<\/p>\n","protected":false},"author":2,"featured_media":8325,"comment_status":"open","ping_status":"open","sticky":false,"template":"","format":"standard","meta":{"footnotes":""},"categories":[18,29],"tags":[],"class_list":["post-10287","post","type-post","status-publish","format-standard","has-post-thumbnail","hentry","category-actualites","category-monde"],"_links":{"self":[{"href":"https:\/\/ladepeche.mr\/index.php?rest_route=\/wp\/v2\/posts\/10287","targetHints":{"allow":["GET"]}}],"collection":[{"href":"https:\/\/ladepeche.mr\/index.php?rest_route=\/wp\/v2\/posts"}],"about":[{"href":"https:\/\/ladepeche.mr\/index.php?rest_route=\/wp\/v2\/types\/post"}],"author":[{"embeddable":true,"href":"https:\/\/ladepeche.mr\/index.php?rest_route=\/wp\/v2\/users\/2"}],"replies":[{"embeddable":true,"href":"https:\/\/ladepeche.mr\/index.php?rest_route=%2Fwp%2Fv2%2Fcomments&post=10287"}],"version-history":[{"count":1,"href":"https:\/\/ladepeche.mr\/index.php?rest_route=\/wp\/v2\/posts\/10287\/revisions"}],"predecessor-version":[{"id":10288,"href":"https:\/\/ladepeche.mr\/index.php?rest_route=\/wp\/v2\/posts\/10287\/revisions\/10288"}],"wp:featuredmedia":[{"embeddable":true,"href":"https:\/\/ladepeche.mr\/index.php?rest_route=\/wp\/v2\/media\/8325"}],"wp:attachment":[{"href":"https:\/\/ladepeche.mr\/index.php?rest_route=%2Fwp%2Fv2%2Fmedia&parent=10287"}],"wp:term":[{"taxonomy":"category","embeddable":true,"href":"https:\/\/ladepeche.mr\/index.php?rest_route=%2Fwp%2Fv2%2Fcategories&post=10287"},{"taxonomy":"post_tag","embeddable":true,"href":"https:\/\/ladepeche.mr\/index.php?rest_route=%2Fwp%2Fv2%2Ftags&post=10287"}],"curies":[{"name":"wp","href":"https:\/\/api.w.org\/{rel}","templated":true}]}}