{"id":10289,"date":"2024-07-22T11:05:15","date_gmt":"2024-07-22T11:05:15","guid":{"rendered":"https:\/\/ladepeche.mr\/?p=10289"},"modified":"2024-07-22T11:05:15","modified_gmt":"2024-07-22T11:05:15","slug":"joe-biden-renonce-a-se-presenter-a-lelection-presidentielle-americaine","status":"publish","type":"post","link":"https:\/\/ladepeche.mr\/?p=10289","title":{"rendered":"Joe Biden renonce \u00e0 se pr\u00e9senter \u00e0 l\u2019\u00e9lection pr\u00e9sidentielle am\u00e9ricaine"},"content":{"rendered":"<p>Le pr\u00e9sident am\u00e9ricain Joe Biden a annonc\u00e9, ce dimanche 21 juillet dans un communiqu\u00e9, renoncer \u00e0 l\u2019\u00e9lection pr\u00e9sidentielle am\u00e9ricaine de novembre prochain, a-t-il annonc\u00e9 dans un communiqu\u00e9 relay\u00e9 sur son compte X.<\/p>\n<p>\u00abCe fut le plus grand honneur de ma vie de vous servir en tant que pr\u00e9sident. Et bien que j&#8217;aie eu l&#8217;intention de me repr\u00e9senter, je pense qu&#8217;il est dans l&#8217;int\u00e9r\u00eat de mon parti et du pays que je me retire et que je me concentre uniquement sur l&#8217;accomplissement de mes devoirs de pr\u00e9sident jusqu&#8217;\u00e0 la fin de mon mandat\u00bb, \u00e9crit le pr\u00e9sident d\u00e9mocrate, qui s\u2019adressera \u00e0 ses compatriotes \u00abdans le courant de la semaine pour expliquer plus en d\u00e9tail [sa] d\u00e9cision\u00bb.<\/p>\n<p>Le pr\u00e9sident am\u00e9ricain, \u00e2g\u00e9 de 81 ans et actuellement en quarantaine \u00e0 cause du Covid-19, \u00e9tait contest\u00e9 depuis plusieurs semaines dans son camp quant \u00e0 sa capacit\u00e9 physique \u00e0 pouvoir assurer sa fonction pendant quatre ans de plus.<\/p>\n<p>Plus de 30 \u00e9lus d\u00e9mocrates ont par exemple r\u00e9cemment demand\u00e9 au pr\u00e9sident sortant de laisser la place \u00e0 un ou une candidate plus jeune.<\/p>\n<p>Cette volont\u00e9 s\u2019\u00e9tait exacerb\u00e9e depuis le d\u00e9bat du 27 juin dernier o\u00f9 Joe Biden \u00e9tait apparu tr\u00e8s diminu\u00e9 physiquement face \u00e0 Donald Trump, cherchant ses mots, ne terminant pas ses phrases et affichant un visage parfois hagard.<\/p>\n<p>Le Figaro via cridem<\/p>\n","protected":false},"excerpt":{"rendered":"<p>Le pr\u00e9sident am\u00e9ricain Joe Biden a annonc\u00e9, ce dimanche 21 juillet dans un communiqu\u00e9, renoncer \u00e0 l\u2019\u00e9lection pr\u00e9sidentielle am\u00e9ricaine de novembre prochain, a-t-il annonc\u00e9 dans un communiqu\u00e9 relay\u00e9 sur son compte X. \u00abCe fut le plus grand honneur de ma vie de vous servir en tant que pr\u00e9sident. Et bien que j&#8217;aie eu l&#8217;intention de &hellip;<\/p>\n","protected":false},"author":2,"featured_media":10291,"comment_status":"open","ping_status":"open","sticky":false,"template":"","format":"standard","meta":{"footnotes":""},"categories":[18,29],"tags":[],"class_list":["post-10289","post","type-post","status-publish","format-standard","has-post-thumbnail","hentry","category-actualites","category-monde"],"_links":{"self":[{"href":"https:\/\/ladepeche.mr\/index.php?rest_route=\/wp\/v2\/posts\/10289","targetHints":{"allow":["GET"]}}],"collection":[{"href":"https:\/\/ladepeche.mr\/index.php?rest_route=\/wp\/v2\/posts"}],"about":[{"href":"https:\/\/ladepeche.mr\/index.php?rest_route=\/wp\/v2\/types\/post"}],"author":[{"embeddable":true,"href":"https:\/\/ladepeche.mr\/index.php?rest_route=\/wp\/v2\/users\/2"}],"replies":[{"embeddable":true,"href":"https:\/\/ladepeche.mr\/index.php?rest_route=%2Fwp%2Fv2%2Fcomments&post=10289"}],"version-history":[{"count":1,"href":"https:\/\/ladepeche.mr\/index.php?rest_route=\/wp\/v2\/posts\/10289\/revisions"}],"predecessor-version":[{"id":10292,"href":"https:\/\/ladepeche.mr\/index.php?rest_route=\/wp\/v2\/posts\/10289\/revisions\/10292"}],"wp:featuredmedia":[{"embeddable":true,"href":"https:\/\/ladepeche.mr\/index.php?rest_route=\/wp\/v2\/media\/10291"}],"wp:attachment":[{"href":"https:\/\/ladepeche.mr\/index.php?rest_route=%2Fwp%2Fv2%2Fmedia&parent=10289"}],"wp:term":[{"taxonomy":"category","embeddable":true,"href":"https:\/\/ladepeche.mr\/index.php?rest_route=%2Fwp%2Fv2%2Fcategories&post=10289"},{"taxonomy":"post_tag","embeddable":true,"href":"https:\/\/ladepeche.mr\/index.php?rest_route=%2Fwp%2Fv2%2Ftags&post=10289"}],"curies":[{"name":"wp","href":"https:\/\/api.w.org\/{rel}","templated":true}]}}