{"id":10293,"date":"2024-07-22T11:09:18","date_gmt":"2024-07-22T11:09:18","guid":{"rendered":"https:\/\/ladepeche.mr\/?p=10293"},"modified":"2024-07-22T11:09:18","modified_gmt":"2024-07-22T11:09:18","slug":"la-mauritanie-condamne-avec-fermete-lattentat-qui-a-fait-plusieurs-victimes-innocentes-dans-la-capitale-omanaise","status":"publish","type":"post","link":"https:\/\/ladepeche.mr\/?p=10293","title":{"rendered":"La Mauritanie condamne avec fermet\u00e9 l\u2019attentat qui a fait plusieurs victimes innocentes dans la capitale omanaise"},"content":{"rendered":"<p>Le minist\u00e8re des Affaires \u00c9trang\u00e8res, de la Coop\u00e9ration et des Mauritaniens de l\u2019Ext\u00e9rieur a condamn\u00e9 fermement l\u2019attentat qui a vis\u00e9 une mosqu\u00e9e dans la capitale omanaise Mascate, tuant un certain nombre de personnes innocentes.<\/p>\n<p>C\u2019est ce qui ressort d\u2019un communiqu\u00e9 publi\u00e9 dimanche par le minist\u00e8re des Affaires \u00e9trang\u00e8res, dont l\u2019Agence mauritanienne d\u2019information a re\u00e7u copie :<\/p>\n<p>\u00ab Le minist\u00e8re des Affaires \u00c9trang\u00e8res, de la Coop\u00e9ration et des Mauritaniens de l\u2019Ext\u00e9rieur exprime sa ferme condamnation de l\u2019attentat odieux perp\u00e9tr\u00e9 le 15 juillet 2024 dans une mosqu\u00e9e du quartier d\u2019Al-Wadi Al-Kabir \u00e0 Mascate, la capitale omanaise, et qui a entra\u00een\u00e9 la mort de plusieurs innocents.<\/p>\n<p>A l\u2019occasion de ce l\u00e2che attentat qui constitue une violation flagrante de toutes les valeurs et principes religieux et moraux, le gouvernement mauritanien r\u00e9affirme son enti\u00e8re solidarit\u00e9 avec le Sultanat d\u2019Oman et son soutien \u00e0 toutes les mesures prises pour prot\u00e9ger sa s\u00e9curit\u00e9 et sa stabilit\u00e9.<\/p>\n<p>Le gouvernement mauritanien exprime sa profonde compassion au gouvernement et au peuple fr\u00e8re omanais en ces moments difficiles, priant Allah le Tout-Puissant d\u2019accorder paix et repos aux \u00e2mes des victimes, d\u2019inspirer \u00e0 leurs familles patience et r\u00e9confort, et d\u2019accorder aux bless\u00e9s un prompt r\u00e9tablissement.<\/p>\n<p>Ami<\/p>\n","protected":false},"excerpt":{"rendered":"<p>Le minist\u00e8re des Affaires \u00c9trang\u00e8res, de la Coop\u00e9ration et des Mauritaniens de l\u2019Ext\u00e9rieur a condamn\u00e9 fermement l\u2019attentat qui a vis\u00e9 une mosqu\u00e9e dans la capitale omanaise Mascate, tuant un certain nombre de personnes innocentes. C\u2019est ce qui ressort d\u2019un communiqu\u00e9 publi\u00e9 dimanche par le minist\u00e8re des Affaires \u00e9trang\u00e8res, dont l\u2019Agence mauritanienne d\u2019information a re\u00e7u copie &hellip;<\/p>\n","protected":false},"author":2,"featured_media":10294,"comment_status":"open","ping_status":"open","sticky":false,"template":"","format":"standard","meta":{"footnotes":""},"categories":[18,29],"tags":[],"class_list":["post-10293","post","type-post","status-publish","format-standard","has-post-thumbnail","hentry","category-actualites","category-monde"],"_links":{"self":[{"href":"https:\/\/ladepeche.mr\/index.php?rest_route=\/wp\/v2\/posts\/10293","targetHints":{"allow":["GET"]}}],"collection":[{"href":"https:\/\/ladepeche.mr\/index.php?rest_route=\/wp\/v2\/posts"}],"about":[{"href":"https:\/\/ladepeche.mr\/index.php?rest_route=\/wp\/v2\/types\/post"}],"author":[{"embeddable":true,"href":"https:\/\/ladepeche.mr\/index.php?rest_route=\/wp\/v2\/users\/2"}],"replies":[{"embeddable":true,"href":"https:\/\/ladepeche.mr\/index.php?rest_route=%2Fwp%2Fv2%2Fcomments&post=10293"}],"version-history":[{"count":1,"href":"https:\/\/ladepeche.mr\/index.php?rest_route=\/wp\/v2\/posts\/10293\/revisions"}],"predecessor-version":[{"id":10295,"href":"https:\/\/ladepeche.mr\/index.php?rest_route=\/wp\/v2\/posts\/10293\/revisions\/10295"}],"wp:featuredmedia":[{"embeddable":true,"href":"https:\/\/ladepeche.mr\/index.php?rest_route=\/wp\/v2\/media\/10294"}],"wp:attachment":[{"href":"https:\/\/ladepeche.mr\/index.php?rest_route=%2Fwp%2Fv2%2Fmedia&parent=10293"}],"wp:term":[{"taxonomy":"category","embeddable":true,"href":"https:\/\/ladepeche.mr\/index.php?rest_route=%2Fwp%2Fv2%2Fcategories&post=10293"},{"taxonomy":"post_tag","embeddable":true,"href":"https:\/\/ladepeche.mr\/index.php?rest_route=%2Fwp%2Fv2%2Ftags&post=10293"}],"curies":[{"name":"wp","href":"https:\/\/api.w.org\/{rel}","templated":true}]}}