{"id":10301,"date":"2024-07-22T11:58:27","date_gmt":"2024-07-22T11:58:27","guid":{"rendered":"https:\/\/ladepeche.mr\/?p=10301"},"modified":"2024-07-22T12:00:35","modified_gmt":"2024-07-22T12:00:35","slug":"meeting-du-parti-sawab-bda-persiste-dans-son-deni-des-resultats-de-la-presidentielle","status":"publish","type":"post","link":"https:\/\/ladepeche.mr\/?p=10301","title":{"rendered":"Meeting politique\u00a0: L&#8217;ex-candidat, BDA, persiste dans son d\u00e9ni des r\u00e9sultats de la pr\u00e9sidentielle"},"content":{"rendered":"<p>L\u2019ancien candidat \u00e0 l\u2019\u00e9lection pr\u00e9sidentielle, Biram Dah Abeid, cr\u00e9dit\u00e9 par la CENI, du second score lors de cette consultation, persiste encore \u00e0 croire qu\u2019il aurait gagn\u00e9 le scrutin pr\u00e9sidentiel du 29 juin 2024.<\/p>\n<p>L\u2019ex-candidat a notamment a notamment dit lors d\u2019un meeting de son parti qu\u2019il ne reconnaissait toujours pas les r\u00e9sultats du scrutin tout en appelant au dialogue politique avec le pouvoir. \u00ab\u00a0Je tends la main au pouvoir pour s&#8217;asseoir \u00e0 la table des n\u00e9gociations\u00a0\u00bb pour trouver une issue \u00e0 ce qu\u2019il consid\u00e8re comme une impasse politique pr\u00e9cisant qu\u2019il \u00ab\u00a0s&#8217;oppose \u00e0 la fraude et (qu\u2019il) ne fera ni marche arri\u00e8re, ni de concession\u00a0\u00bb.<br \/>\nIl a, en outre, appel\u00e9 \u00e0 lever ce qu\u2019il consid\u00e8re une \u00ab\u00e9tat d\u2019urgence, non d\u00e9clar\u00e9\u00a0\u00bb, \u00ab\u00a0\u00e0 dissoudre\u00a0\u00bb\u00a0l\u2019Assembl\u00e9e nationale et \u00e0 r\u00e9organiser \u00ab\u00a0un dialogue politique national inclusif\u00a0\u00bb en vue de la lev\u00e9e d\u2019interdiction de reconnaissance de partis politiques et \u00e0 favoriser \u2018le calme\u00a0\u00bb par la lib\u00e9ration des d\u00e9tenus arr\u00eat\u00e9s lors des \u00e9v\u00e9nements post-\u00e9lectoraux et l\u2019ouverture d\u2019une enqu\u00eate sur les \u00e9v\u00e9nements de ka\u00e9di.<\/p>\n","protected":false},"excerpt":{"rendered":"<p>L\u2019ancien candidat \u00e0 l\u2019\u00e9lection pr\u00e9sidentielle, Biram Dah Abeid, cr\u00e9dit\u00e9 par la CENI, du second score lors de cette consultation, persiste encore \u00e0 croire qu\u2019il aurait gagn\u00e9 le scrutin pr\u00e9sidentiel du 29 juin 2024. L\u2019ex-candidat a notamment a notamment dit lors d\u2019un meeting de son parti qu\u2019il ne reconnaissait toujours pas les r\u00e9sultats du scrutin tout &hellip;<\/p>\n","protected":false},"author":2,"featured_media":10302,"comment_status":"open","ping_status":"open","sticky":false,"template":"","format":"standard","meta":{"footnotes":""},"categories":[18,31],"tags":[],"class_list":["post-10301","post","type-post","status-publish","format-standard","has-post-thumbnail","hentry","category-actualites","category-politique-et-reportages"],"_links":{"self":[{"href":"https:\/\/ladepeche.mr\/index.php?rest_route=\/wp\/v2\/posts\/10301","targetHints":{"allow":["GET"]}}],"collection":[{"href":"https:\/\/ladepeche.mr\/index.php?rest_route=\/wp\/v2\/posts"}],"about":[{"href":"https:\/\/ladepeche.mr\/index.php?rest_route=\/wp\/v2\/types\/post"}],"author":[{"embeddable":true,"href":"https:\/\/ladepeche.mr\/index.php?rest_route=\/wp\/v2\/users\/2"}],"replies":[{"embeddable":true,"href":"https:\/\/ladepeche.mr\/index.php?rest_route=%2Fwp%2Fv2%2Fcomments&post=10301"}],"version-history":[{"count":3,"href":"https:\/\/ladepeche.mr\/index.php?rest_route=\/wp\/v2\/posts\/10301\/revisions"}],"predecessor-version":[{"id":10305,"href":"https:\/\/ladepeche.mr\/index.php?rest_route=\/wp\/v2\/posts\/10301\/revisions\/10305"}],"wp:featuredmedia":[{"embeddable":true,"href":"https:\/\/ladepeche.mr\/index.php?rest_route=\/wp\/v2\/media\/10302"}],"wp:attachment":[{"href":"https:\/\/ladepeche.mr\/index.php?rest_route=%2Fwp%2Fv2%2Fmedia&parent=10301"}],"wp:term":[{"taxonomy":"category","embeddable":true,"href":"https:\/\/ladepeche.mr\/index.php?rest_route=%2Fwp%2Fv2%2Fcategories&post=10301"},{"taxonomy":"post_tag","embeddable":true,"href":"https:\/\/ladepeche.mr\/index.php?rest_route=%2Fwp%2Fv2%2Ftags&post=10301"}],"curies":[{"name":"wp","href":"https:\/\/api.w.org\/{rel}","templated":true}]}}