{"id":10309,"date":"2024-07-22T12:39:04","date_gmt":"2024-07-22T12:39:04","guid":{"rendered":"https:\/\/ladepeche.mr\/?p=10309"},"modified":"2024-07-22T12:39:04","modified_gmt":"2024-07-22T12:39:04","slug":"bcm-banques-primaires-passer-au-crible-les-chantiers-structurants-de-la-place-financiere","status":"publish","type":"post","link":"https:\/\/ladepeche.mr\/?p=10309","title":{"rendered":"BCM-Banques primaires\u00a0: Passer au crible les chantiers structurants de la place financi\u00e8re"},"content":{"rendered":"<p>La r\u00e9union statutaire mensuelle entre la BCM et les banques primaires, tenue le 18 juillet 2024, a pass\u00e9 au crible les mesures prises, de commun accord, en vue de la modernisation de la place financi\u00e8re dans le pays.<br \/>\nIl s\u2019agissait lors de cette derni\u00e8re r\u00e9union de faire le point questions idoines en relation avec la modernisation escompt\u00e9e de la place financi\u00e8re. Il s\u2019agissait entre autres sujets de discussions sur le march\u00e9 de changes, le syst\u00e8me national de paiement ATS-CSD, l\u2019interop\u00e9rabilit\u00e9 des solutions bancaires mobiles, le refinancement par la BCM et la modernisation du march\u00e9 mon\u00e9taire, le renforcement des fonds propres des banques, de la cybers\u00e9curit\u00e9, de la mise aux normes IFRS\u2026<br \/>\nSelon une note partag\u00e9e par la BCM, les participants auraient \u00ab\u00a0unanimement salu\u00e9 les progr\u00e8s r\u00e9alis\u00e9s en si peu de temps sur l\u2019ensemble de ces r\u00e9formes\u00a0\u00bb. En outre, \u00ab\u00a0des mesures concr\u00e8tes ont \u00e9t\u00e9 convenues, avec des d\u00e9lais de r\u00e9alisation pr\u00e9cis, pour renforcer et consolider l\u2019ensemble de ce dispositif avec un accent particulier sur l\u2019am\u00e9lioration du fonctionnement du march\u00e9 de change ; le renforcement de la s\u00e9curit\u00e9 et de la surveillance des op\u00e9rations sur les solutions mobiles et la participation des cadres des banques aux formations initi\u00e9es par la BCM pour renforcer leur expertise dans la gestion de la tr\u00e9sorerie et l\u2019\u00e9laboration des d\u00e9clarations\u00a0\u00bb.<\/p>\n<p>R\u00e9agissant au bilan des r\u00e9alisations enregistr\u00e9es dans cette dynamique, le Gouverneur de la banque centrale a f\u00e9licit\u00e9 les banques primaires \u00ab\u00a0pour leur adh\u00e9sion et leur forte implication qui ont permis la r\u00e9alisation effective et l\u2019aboutissement des reformes majeurs\u00a0comme le march\u00e9 de change interbancaire, le syst\u00e8me national de paiement ATS-CSD, la plateforme de surveillance des op\u00e9rations sur les solutions mobiles&#8230;<br \/>\nUn sentiment partag\u00e9 par les premiers responsables des banques qui se sont f\u00e9licit\u00e9s de la mise en place de ce cadre mensuel de concertation et des avanc\u00e9es notables enregistr\u00e9es par la place financi\u00e8re nationale dans ces domaines hautement strat\u00e9giques.<\/p>\n","protected":false},"excerpt":{"rendered":"<p>La r\u00e9union statutaire mensuelle entre la BCM et les banques primaires, tenue le 18 juillet 2024, a pass\u00e9 au crible les mesures prises, de commun accord, en vue de la modernisation de la place financi\u00e8re dans le pays. Il s\u2019agissait lors de cette derni\u00e8re r\u00e9union de faire le point questions idoines en relation avec la &hellip;<\/p>\n","protected":false},"author":2,"featured_media":10310,"comment_status":"open","ping_status":"open","sticky":false,"template":"","format":"standard","meta":{"footnotes":""},"categories":[18,2],"tags":[],"class_list":["post-10309","post","type-post","status-publish","format-standard","has-post-thumbnail","hentry","category-actualites","category-economie"],"_links":{"self":[{"href":"https:\/\/ladepeche.mr\/index.php?rest_route=\/wp\/v2\/posts\/10309","targetHints":{"allow":["GET"]}}],"collection":[{"href":"https:\/\/ladepeche.mr\/index.php?rest_route=\/wp\/v2\/posts"}],"about":[{"href":"https:\/\/ladepeche.mr\/index.php?rest_route=\/wp\/v2\/types\/post"}],"author":[{"embeddable":true,"href":"https:\/\/ladepeche.mr\/index.php?rest_route=\/wp\/v2\/users\/2"}],"replies":[{"embeddable":true,"href":"https:\/\/ladepeche.mr\/index.php?rest_route=%2Fwp%2Fv2%2Fcomments&post=10309"}],"version-history":[{"count":1,"href":"https:\/\/ladepeche.mr\/index.php?rest_route=\/wp\/v2\/posts\/10309\/revisions"}],"predecessor-version":[{"id":10311,"href":"https:\/\/ladepeche.mr\/index.php?rest_route=\/wp\/v2\/posts\/10309\/revisions\/10311"}],"wp:featuredmedia":[{"embeddable":true,"href":"https:\/\/ladepeche.mr\/index.php?rest_route=\/wp\/v2\/media\/10310"}],"wp:attachment":[{"href":"https:\/\/ladepeche.mr\/index.php?rest_route=%2Fwp%2Fv2%2Fmedia&parent=10309"}],"wp:term":[{"taxonomy":"category","embeddable":true,"href":"https:\/\/ladepeche.mr\/index.php?rest_route=%2Fwp%2Fv2%2Fcategories&post=10309"},{"taxonomy":"post_tag","embeddable":true,"href":"https:\/\/ladepeche.mr\/index.php?rest_route=%2Fwp%2Fv2%2Ftags&post=10309"}],"curies":[{"name":"wp","href":"https:\/\/api.w.org\/{rel}","templated":true}]}}