{"id":10312,"date":"2024-07-22T14:12:42","date_gmt":"2024-07-22T14:12:42","guid":{"rendered":"https:\/\/ladepeche.mr\/?p=10312"},"modified":"2024-07-22T14:12:42","modified_gmt":"2024-07-22T14:12:42","slug":"le-president-de-la-republique-souligne-limportance-dune-coordination-etroite-pour-relever-les-defis-auxquels-le-continent-est-confronte","status":"publish","type":"post","link":"https:\/\/ladepeche.mr\/?p=10312","title":{"rendered":"Le Pr\u00e9sident de la R\u00e9publique souligne l\u2019importance d\u2019une coordination \u00e9troite pour relever les d\u00e9fis auxquels le continent est confront\u00e9"},"content":{"rendered":"<p>Le Pr\u00e9sident de la R\u00e9publique, Mohamed Ould Cheikh El Ghazouani, Pr\u00e9sident en exercice de l\u2019Union africaine (UA), a soulign\u00e9 l\u2019importance d\u2019une coordination \u00e9troite entre l&#8217;UA et les commissions \u00e9conomiques r\u00e9gionales (CER) en tant que facteur cl\u00e9 pour acc\u00e9l\u00e9rer le rythme de r\u00e9alisation des programmes d\u2019int\u00e9gration continentale.<\/p>\n<p>Dans un discours prononc\u00e9 lors de sa pr\u00e9sidence, dimanche \u00e0 Accra, de la sixi\u00e8me r\u00e9union semestrielle de coordination entre l\u2019UA et les CER et les m\u00e9canismes r\u00e9gionaux, il a exhort\u00e9 les CER \u00e0 travailler avec diligence pour relever les d\u00e9fis \u00e9conomiques, sociaux et s\u00e9curitaires et les crises multidimensionnelles qui balayent le monde et qui ont un impact de plus en plus n\u00e9gatif sur le processus de d\u00e9veloppement dans le continent africain.<\/p>\n<p>Voici le texte int\u00e9gral de ce discours :<\/p>\n<p>\u00ab Excellence, Monsieur Nana Akufo-Addo, Pr\u00e9sident de la R\u00e9publique du Ghana ;<\/p>\n<p>\u2022 Excellences, Messieurs les Chefs d\u2019Etat et de Gouvernement<\/p>\n<p>\u2022 Excellence, Monsieur Moussa Faki Mahamat, Pr\u00e9sident de la Commission de l\u2019Union Africaine ;<\/p>\n<p>\u2022 Excellences, Mesdames et Messieurs,<\/p>\n<p>Je tiens tout d\u2019abord \u00e0 f\u00e9liciter et \u00e0 remercier mon ami et fr\u00e8re Son Excellence Nana Akufo-Addo, Pr\u00e9sident de la R\u00e9publique du Ghana, et \u00e0 travers lui, le gouvernement et le peuple ghan\u00e9en fr\u00e8re, pour avoir accueilli et organis\u00e9 cette sixi\u00e8me r\u00e9union de coordination semestrielle entre l\u2019Union Africaine, les communaut\u00e9s \u00e9conomiques r\u00e9gionales et les m\u00e9canismes r\u00e9gionaux, dans des conditions exemplaires, assorties d\u2019un accueil chaleureux et d\u2019une hospitalit\u00e9 g\u00e9n\u00e9reuse.<\/p>\n<p>Tout comme je tiens \u00e0 remercier mes amis et fr\u00e8res, les chefs d\u2019\u00e9tat membres du bureau de la conf\u00e9rence, pr\u00e9sidents de communaut\u00e9s \u00e9conomiques r\u00e9gionales ou champions charg\u00e9s de portefeuilles sp\u00e9ciaux, pour leur pr\u00e9sence qui illustre bien leur attachement et leur engagement en faveur de l\u2019int\u00e9gration r\u00e9gionale et continentale.<\/p>\n<p>Excellences<\/p>\n<p>Mesdames et messieurs<\/p>\n<p>La coordination efficace entre l\u2019Union Africaine et les commissions \u00e9conomiques r\u00e9gionales, constitue un vecteur essentiel d\u2019acc\u00e9l\u00e9ration de la r\u00e9alisation des programmes d\u2019int\u00e9gration continentale.<\/p>\n<p>Elle est d\u2019autant plus importante que notre continent fait face \u00e0 de nombreux d\u00e9fis: \u00e9conomiques, sociaux et s\u00e9curitaires et que le monde autour de nous traverse des crises multiformes qui impactent n\u00e9gativement le d\u00e9veloppement de notre continent.<\/p>\n<p>Il y a urgence \u00e0 assurer une meilleure int\u00e9gration des plans de d\u00e9veloppement nationaux dans les programmes continentaux, afin de garantir les int\u00e9r\u00eats nationaux et l\u2019appropriation locale de la coop\u00e9ration r\u00e9gionale.<\/p>\n<p>cela assure une meilleure int\u00e9gration du continent et favorise l\u2019unicit\u00e9 de sa voix au niveau mondial, notamment aux Nations unies, \u00e0 l\u2019OMC, au FMI et \u00e0 la Banque Mondiale, ainsi qu\u2019au G20, lui donnant ainsi les moyens de contribuer \u00e0 l\u2019articulation des agendas mondiaux sur des questions critiques pour l\u2019Afrique, comme la r\u00e9forme de l\u2019architecture financi\u00e8re mondiale, la coop\u00e9ration fiscale internationale, la r\u00e9duction des flux financiers illicites, et les actions pour le financement du d\u00e9veloppement durable.<\/p>\n<p>Nous devons renforcer la planification strat\u00e9gique et proc\u00e9der \u00e0 l\u2019op\u00e9rationnalisation des infrastructures continentales essentielles, telles que les pools \u00e9nerg\u00e9tiques r\u00e9gionaux, les lignes de transmission et les infrastructures num\u00e9riques et de transport.<\/p>\n<p>Tout comme nous devrons redoubler d\u2019efforts en mati\u00e8re de facilitation du commerce par la simplification, la normalisation et l\u2019harmonisation des proc\u00e9dures et des flux d\u2019informations connexes, afin de stimuler le commerce intra-africain.<\/p>\n<p>L\u2019entr\u00e9e en vigueur effective de la Zone de libre-\u00e9change continentale africaine (ZLECAF), par les avanc\u00e9es significatives qu\u2019elle induit dans en mati\u00e8re de la libre circulation des biens des services et des personnes, est un atout majeur dans ce cadre.<\/p>\n<p>Excellences,<\/p>\n<p>Mesdames et Messieurs,<\/p>\n<p>Dans le souci d\u2019acc\u00e9l\u00e9rer la mise en \u0153uvre efficace du second plan d\u00e9cennal de mise en \u0153uvre de l\u2019agenda 2063 et de renforcer l\u2019int\u00e9gration continentale en cherchant \u00e0 mobiliser davantage de financement et \u00e0 assurer les plaidoyers requis, nous avons, sur invitation de mon fr\u00e8re William Ruto, pris part au Sommet de Nairobi pour mobiliser le soutien au 21\u00e8me cycle de financement de l\u2019Agence internationale de d\u00e9veloppement (IDA) sur la p\u00e9riode 2025-2028.<\/p>\n<p>Ce sommet a fix\u00e9 un objectif ambitieux d\u2019augmentation significative des ressources de l\u2019IDA pour d\u00e9passer 100 milliards de dollars dont 30 milliards de dollars seront mobilis\u00e9s par les pays donateurs.<\/p>\n<p>Par ailleurs, la participation de nos pays aux travaux du Sommet Afrique-Cor\u00e9e nous a \u00e9galement permis d\u2019obtenir une augmentation significative des fonds cor\u00e9ens orient\u00e9s vers l\u2019aide publique au d\u00e9veloppement en Afrique dont l\u2019enveloppe passera de 5,5 milliards de dollars, \u00e0 10 milliards de dollars, auxquels s\u2019ajoute le financement \u00e0 l\u2019exportation pour soutenir les entreprises qui investissent dans notre continent, pour une enveloppe de 14 milliards de dollars \u00e0 l\u2019horizon 2030.<\/p>\n<p>Nous avons \u00e9galement veill\u00e9, lors de notre participation au sommet du G7 en Italie en juin 2024, \u00e0 soulever des questions urgentes du point de vue africain, notamment celles li\u00e9es au probl\u00e8me de la dette et \u00e0 l\u2019acc\u00e8s \u00e0 un financement suffisant \u00e0 des conditions concessionnelles.<\/p>\n<p>En outre, les missions de l\u2019Union Africaine ont particip\u00e9 efficacement au cours du premier semestre de l\u2019ann\u00e9e en cours, aux travaux du volet financier et du volet Sherpa, ainsi qu\u2019aux r\u00e9unions minist\u00e9rielles et aux r\u00e9unions des groupes de travaux sectoriels, et ont pr\u00e9sent\u00e9 le point de vue africain sur les questions de la dette, de la transition \u00e9nerg\u00e9tique \u00e9quitable, de r\u00e9forme des banques multilat\u00e9rales de d\u00e9veloppement et de la r\u00e9forme de la fiscalit\u00e9 internationale.<\/p>\n<p>Par ailleurs, notre continent est appel\u00e9 \u00e0 n\u00e9gocier un tournant d\u00e9cisif lors du sommet de l\u2019avenir pr\u00e9vu en septembre prochain \u00e0 New York.<\/p>\n<p>Les cadres qui d\u00e9couleront du sommet, notamment le pacte pour l\u2019avenir et ses deux annexes portant sur la d\u00e9claration sur les g\u00e9n\u00e9rations futures et le pacte num\u00e9rique mondial, doivent refl\u00e9ter nos soucis et prendre en charge, dans les solutions propos\u00e9es, les d\u00e9fis auxquels notre continent est confront\u00e9.<\/p>\n<p>J\u2019exhorte tous les pays membres \u00e0 participer activement au processus en cours visant une meilleure pr\u00e9paration de ce sommet historique.<\/p>\n<p>Le travail de pr\u00e9paration bat son plein pour assurer une participation efficace de l\u2019Union africaine aux rendez-vous majeurs \u00e0 venir, comme la neuvi\u00e8me FOCAC, le sommet du futur \u00e0 New-York, la COP 29 ou le sommet du G20.<\/p>\n<p>D\u2019autre part, nous travaillons activement avec les \u00e9quipes de la Commission de l\u2019Union Africaine, pour l\u2019organisation, \u00e0 Nouakchott, d\u2019un forum de haut niveau sur l\u2019\u00e9ducation en Afrique, pr\u00e9vu en octobre 2024.<\/p>\n<p>Je tiens ici \u00e0 f\u00e9liciter toutes les instances de l\u2019Union Africaine, notamment, la commission ainsi que l\u2019ensemble de nos partenaires pour les efforts qu\u2019ils ne cessent de d\u00e9ployer pour mettre efficacement en \u0153uvre notre second plan d\u00e9cennal, particuli\u00e8rement dans sa dimension int\u00e9gration r\u00e9gionale et continentale.<\/p>\n<p>Excellences, Mesdames et Messieurs,<\/p>\n<p>L\u2019enjeu crucial que repr\u00e9sente pour le devenir de l\u2019Afrique, l\u2019int\u00e9gration et le d\u00e9veloppement, fait peser sur nos \u00e9paules, nous, dirigeants africains, une \u00e9norme responsabilit\u00e9 individuelle et collective, celle de rester r\u00e9solument attach\u00e9s \u00e0 cette vision ambitieuse, et de d\u00e9ployer tous les moyens pour b\u00e2tir une Afrique stable, forte, unie et prosp\u00e8re comme c\u2019est l\u2019objectif de notre agenda 2063.<\/p>\n<p>Convaincu que cela est un objectif \u00e0 notre port\u00e9e, je d\u00e9clare ouverte cette sixi\u00e8me r\u00e9union de coordination semestrielle entre l\u2019Union africaine, les communaut\u00e9s \u00e9conomiques r\u00e9gionales et les m\u00e9canismes r\u00e9gionaux, et souhaite plein succ\u00e8s et r\u00e9ussite \u00e0 ses travaux.<\/p>\n<p>Je vous remercie \u00bb.<\/p>\n","protected":false},"excerpt":{"rendered":"<p>Le Pr\u00e9sident de la R\u00e9publique, Mohamed Ould Cheikh El Ghazouani, Pr\u00e9sident en exercice de l\u2019Union africaine (UA), a soulign\u00e9 l\u2019importance d\u2019une coordination \u00e9troite entre l&#8217;UA et les commissions \u00e9conomiques r\u00e9gionales (CER) en tant que facteur cl\u00e9 pour acc\u00e9l\u00e9rer le rythme de r\u00e9alisation des programmes d\u2019int\u00e9gration continentale. Dans un discours prononc\u00e9 lors de sa pr\u00e9sidence, dimanche &hellip;<\/p>\n","protected":false},"author":2,"featured_media":10313,"comment_status":"open","ping_status":"open","sticky":false,"template":"","format":"standard","meta":{"footnotes":""},"categories":[18,29],"tags":[],"class_list":["post-10312","post","type-post","status-publish","format-standard","has-post-thumbnail","hentry","category-actualites","category-monde"],"_links":{"self":[{"href":"https:\/\/ladepeche.mr\/index.php?rest_route=\/wp\/v2\/posts\/10312","targetHints":{"allow":["GET"]}}],"collection":[{"href":"https:\/\/ladepeche.mr\/index.php?rest_route=\/wp\/v2\/posts"}],"about":[{"href":"https:\/\/ladepeche.mr\/index.php?rest_route=\/wp\/v2\/types\/post"}],"author":[{"embeddable":true,"href":"https:\/\/ladepeche.mr\/index.php?rest_route=\/wp\/v2\/users\/2"}],"replies":[{"embeddable":true,"href":"https:\/\/ladepeche.mr\/index.php?rest_route=%2Fwp%2Fv2%2Fcomments&post=10312"}],"version-history":[{"count":1,"href":"https:\/\/ladepeche.mr\/index.php?rest_route=\/wp\/v2\/posts\/10312\/revisions"}],"predecessor-version":[{"id":10314,"href":"https:\/\/ladepeche.mr\/index.php?rest_route=\/wp\/v2\/posts\/10312\/revisions\/10314"}],"wp:featuredmedia":[{"embeddable":true,"href":"https:\/\/ladepeche.mr\/index.php?rest_route=\/wp\/v2\/media\/10313"}],"wp:attachment":[{"href":"https:\/\/ladepeche.mr\/index.php?rest_route=%2Fwp%2Fv2%2Fmedia&parent=10312"}],"wp:term":[{"taxonomy":"category","embeddable":true,"href":"https:\/\/ladepeche.mr\/index.php?rest_route=%2Fwp%2Fv2%2Fcategories&post=10312"},{"taxonomy":"post_tag","embeddable":true,"href":"https:\/\/ladepeche.mr\/index.php?rest_route=%2Fwp%2Fv2%2Ftags&post=10312"}],"curies":[{"name":"wp","href":"https:\/\/api.w.org\/{rel}","templated":true}]}}