{"id":10315,"date":"2024-07-22T16:11:56","date_gmt":"2024-07-22T16:11:56","guid":{"rendered":"https:\/\/ladepeche.mr\/?p=10315"},"modified":"2024-07-22T15:16:08","modified_gmt":"2024-07-22T15:16:08","slug":"lafrique-represente-plus-de-la-moitie-des-urgences-sanitaires-dans-le-monde-oms","status":"publish","type":"post","link":"https:\/\/ladepeche.mr\/?p=10315","title":{"rendered":"L&#8217;Afrique repr\u00e9sente plus de la moiti\u00e9 des urgences sanitaires dans le monde (OMS)"},"content":{"rendered":"<p>Le continent africain repr\u00e9sente plus de la moiti\u00e9 des urgences sanitaires dans le monde, a r\u00e9v\u00e9l\u00e9 jeudi l&#8217;Agence de presse s\u00e9n\u00e9galaise (APS) citant le directeur r\u00e9gional des urgences en Afrique de l&#8217;Organisation mondiale de la sant\u00e9 (OMS), le docteur Abdou Salam Gu\u00e9ye.<\/p>\n<p>Plus de 80% des urgences sont li\u00e9es \u00e0 des maladies et les 20% sont li\u00e9es aux catastrophes naturelles ou \u00e0 des ph\u00e9nom\u00e8nes caus\u00e9s par l&#8217;homme, a pr\u00e9cis\u00e9 M. Gu\u00e8ye qui s&#8217;exprimait lors d&#8217;une rencontre du Groupe consultatif technique des urgences et d&#8217;une table ronde sur la gestion des situations d&#8217;urgence sanitaire de l&#8217;OMS, organis\u00e9es \u00e0 Mbour, \u00e0 80 km de Dakar.<\/p>\n<p>&#8221;Quand on parle aujourd&#8217;hui des questions d&#8217;urgence sanitaire en Afrique, la question qui se pose, c&#8217;est, est-ce que nos syst\u00e8mes de sant\u00e9 sont tr\u00e8s bien pr\u00e9par\u00e9s ? Est-ce que nos personnels de sant\u00e9 sont bien sensibilis\u00e9s par rapport \u00e0 cette question pour r\u00e9agir \u00e0 temps ?&#8221;, a soulign\u00e9, pour sa part, le ministre s\u00e9n\u00e9galais de la Sant\u00e9 et de l&#8217;Action sociale, Ibrahima Sy.<\/p>\n<p>&#8221;La question des urgences sanitaires est souvent g\u00e9r\u00e9e \u00e0 un niveau central, alors qu&#8217;aujourd&#8217;hui quand on parle d&#8217;urgence, la riposte doit se faire au niveau local&#8221;, a-t-il indiqu\u00e9, ajoutant qu&#8217;il fallait &#8220;s&#8217;assurer qu&#8217;au niveau local, on a tous les dispositifs qui permettent de r\u00e9agir \u00e0 temps et d&#8217;\u00e9viter des risques beaucoup plus importants pour les populations&#8221;. Fin<\/p>\n<p>https:\/\/french.news.cn\/20240719\/372abab830374dd4b09095c2747c0284\/c.html<\/p>\n","protected":false},"excerpt":{"rendered":"<p>Le continent africain repr\u00e9sente plus de la moiti\u00e9 des urgences sanitaires dans le monde, a r\u00e9v\u00e9l\u00e9 jeudi l&#8217;Agence de presse s\u00e9n\u00e9galaise (APS) citant le directeur r\u00e9gional des urgences en Afrique de l&#8217;Organisation mondiale de la sant\u00e9 (OMS), le docteur Abdou Salam Gu\u00e9ye. Plus de 80% des urgences sont li\u00e9es \u00e0 des maladies et les 20% &hellip;<\/p>\n","protected":false},"author":2,"featured_media":10316,"comment_status":"open","ping_status":"open","sticky":false,"template":"","format":"standard","meta":{"footnotes":""},"categories":[18,29,27],"tags":[],"class_list":["post-10315","post","type-post","status-publish","format-standard","has-post-thumbnail","hentry","category-actualites","category-monde","category-sante"],"_links":{"self":[{"href":"https:\/\/ladepeche.mr\/index.php?rest_route=\/wp\/v2\/posts\/10315","targetHints":{"allow":["GET"]}}],"collection":[{"href":"https:\/\/ladepeche.mr\/index.php?rest_route=\/wp\/v2\/posts"}],"about":[{"href":"https:\/\/ladepeche.mr\/index.php?rest_route=\/wp\/v2\/types\/post"}],"author":[{"embeddable":true,"href":"https:\/\/ladepeche.mr\/index.php?rest_route=\/wp\/v2\/users\/2"}],"replies":[{"embeddable":true,"href":"https:\/\/ladepeche.mr\/index.php?rest_route=%2Fwp%2Fv2%2Fcomments&post=10315"}],"version-history":[{"count":1,"href":"https:\/\/ladepeche.mr\/index.php?rest_route=\/wp\/v2\/posts\/10315\/revisions"}],"predecessor-version":[{"id":10317,"href":"https:\/\/ladepeche.mr\/index.php?rest_route=\/wp\/v2\/posts\/10315\/revisions\/10317"}],"wp:featuredmedia":[{"embeddable":true,"href":"https:\/\/ladepeche.mr\/index.php?rest_route=\/wp\/v2\/media\/10316"}],"wp:attachment":[{"href":"https:\/\/ladepeche.mr\/index.php?rest_route=%2Fwp%2Fv2%2Fmedia&parent=10315"}],"wp:term":[{"taxonomy":"category","embeddable":true,"href":"https:\/\/ladepeche.mr\/index.php?rest_route=%2Fwp%2Fv2%2Fcategories&post=10315"},{"taxonomy":"post_tag","embeddable":true,"href":"https:\/\/ladepeche.mr\/index.php?rest_route=%2Fwp%2Fv2%2Ftags&post=10315"}],"curies":[{"name":"wp","href":"https:\/\/api.w.org\/{rel}","templated":true}]}}