{"id":10318,"date":"2024-07-23T10:06:30","date_gmt":"2024-07-23T10:06:30","guid":{"rendered":"https:\/\/ladepeche.mr\/?p=10318"},"modified":"2024-07-23T10:06:30","modified_gmt":"2024-07-23T10:06:30","slug":"j-o-paris-2024-la-delegation-mauritanienne-debarque-a-paris","status":"publish","type":"post","link":"https:\/\/ladepeche.mr\/?p=10318","title":{"rendered":"J.O Paris 2024: la d\u00e9l\u00e9gation mauritanienne d\u00e9barque \u00e0 Paris"},"content":{"rendered":"<p>La d\u00e9l\u00e9gation mauritanienne prenant part aux Jeux Olympiques Paris 2024 est arriv\u00e9e, lundi matin(22 juillet), dans la capitale fran\u00e7aise.Conduite par le Chef de mission au CNOSM et pr\u00e9sident de la f\u00e9d\u00e9ration mauritanienne de Natation, Mohamed Abdellahi Ould Nagi, elle comprend Mohamed T\u2019Lemidi, tr\u00e9sorier g\u00e9n\u00e9ral adjoint au CNOSM et pr\u00e9sident de la f\u00e9d\u00e9ration mauritanienne de karat\u00e9, Mme Mouna Mohamed, membre du comit\u00e9 directeur du CNOSM, Mme Houl\u00e8ye Ba, coach de l\u2019athl\u00e8te Selem Bouha Sidi.<\/p>\n<p>Dans la capitale fran\u00e7aise, Selema va aborder la troisi\u00e8me et derni\u00e8re phase de sa pr\u00e9paration,apr\u00e8s deux stages \u00e0 Nouakchott.<\/p>\n<p>La repr\u00e9sentante nationale, l&#8217;athl\u00e8te Selem Bouha Sidi, qui va concourir au 100 m\u00e8tres lors des Jeux Olympiques &#8211; Paris 2024, sera accompagn\u00e9e par l&#8217;ancienne championne d&#8217;Europe 2010, la Fran\u00e7aise d&#8217;origine mauritanienne Myriem Soumar\u00e9, qui l&#8217;accompagnera en tant qu&#8217;entra\u00eeneuse et supervisera toutes les \u00e9tapes de sa pr\u00e9paration pour cette comp\u00e9tition tant attendue.<\/p>\n<p>La supervision de l&#8217;athl\u00e8te Selem Bouha par la championne Mariem Soumar\u00e9 est r\u00e9gie par un contrat avec le Comit\u00e9 National Olympique et Sportif Mauritanien, qui a n\u2019a m\u00e9nag\u00e9 aucun effort pour fournir toutes les conditions n\u00e9cessaires \u00e0 la pr\u00e9paration de l&#8217;athl\u00e8te mauritanienne, en profitant de l&#8217;expertise de la championne Soumar\u00e9, qui a supervis\u00e9 deux camps d&#8217;entra\u00eenement \u00e0 Nouakchott, chacun durant une semaine enti\u00e8re.<\/p>\n<p>rim sport via cridem<\/p>\n","protected":false},"excerpt":{"rendered":"<p>La d\u00e9l\u00e9gation mauritanienne prenant part aux Jeux Olympiques Paris 2024 est arriv\u00e9e, lundi matin(22 juillet), dans la capitale fran\u00e7aise.Conduite par le Chef de mission au CNOSM et pr\u00e9sident de la f\u00e9d\u00e9ration mauritanienne de Natation, Mohamed Abdellahi Ould Nagi, elle comprend Mohamed T\u2019Lemidi, tr\u00e9sorier g\u00e9n\u00e9ral adjoint au CNOSM et pr\u00e9sident de la f\u00e9d\u00e9ration mauritanienne de karat\u00e9, &hellip;<\/p>\n","protected":false},"author":2,"featured_media":10319,"comment_status":"open","ping_status":"open","sticky":false,"template":"","format":"standard","meta":{"footnotes":""},"categories":[18,17],"tags":[],"class_list":["post-10318","post","type-post","status-publish","format-standard","has-post-thumbnail","hentry","category-actualites","category-sports"],"_links":{"self":[{"href":"https:\/\/ladepeche.mr\/index.php?rest_route=\/wp\/v2\/posts\/10318","targetHints":{"allow":["GET"]}}],"collection":[{"href":"https:\/\/ladepeche.mr\/index.php?rest_route=\/wp\/v2\/posts"}],"about":[{"href":"https:\/\/ladepeche.mr\/index.php?rest_route=\/wp\/v2\/types\/post"}],"author":[{"embeddable":true,"href":"https:\/\/ladepeche.mr\/index.php?rest_route=\/wp\/v2\/users\/2"}],"replies":[{"embeddable":true,"href":"https:\/\/ladepeche.mr\/index.php?rest_route=%2Fwp%2Fv2%2Fcomments&post=10318"}],"version-history":[{"count":1,"href":"https:\/\/ladepeche.mr\/index.php?rest_route=\/wp\/v2\/posts\/10318\/revisions"}],"predecessor-version":[{"id":10320,"href":"https:\/\/ladepeche.mr\/index.php?rest_route=\/wp\/v2\/posts\/10318\/revisions\/10320"}],"wp:featuredmedia":[{"embeddable":true,"href":"https:\/\/ladepeche.mr\/index.php?rest_route=\/wp\/v2\/media\/10319"}],"wp:attachment":[{"href":"https:\/\/ladepeche.mr\/index.php?rest_route=%2Fwp%2Fv2%2Fmedia&parent=10318"}],"wp:term":[{"taxonomy":"category","embeddable":true,"href":"https:\/\/ladepeche.mr\/index.php?rest_route=%2Fwp%2Fv2%2Fcategories&post=10318"},{"taxonomy":"post_tag","embeddable":true,"href":"https:\/\/ladepeche.mr\/index.php?rest_route=%2Fwp%2Fv2%2Ftags&post=10318"}],"curies":[{"name":"wp","href":"https:\/\/api.w.org\/{rel}","templated":true}]}}