{"id":1032,"date":"2022-07-14T13:27:36","date_gmt":"2022-07-14T13:27:36","guid":{"rendered":"http:\/\/ladepeche.mr\/?p=1032"},"modified":"2022-07-14T13:27:36","modified_gmt":"2022-07-14T13:27:36","slug":"sante-publique-delocalisation-de-lorpaillage-a-sferiyatt-toujours-en-cours","status":"publish","type":"post","link":"https:\/\/ladepeche.mr\/?p=1032","title":{"rendered":"Sant\u00e9 publique: D\u00e9localisation de l\u2019orpaillage \u00e0 Sf\u00e9riyatt toujours en cours\u2026"},"content":{"rendered":"<h3>Le projet de d\u00e9localisation hors zone urbaine du site d\u2019exploitation des r\u00e9sidus de l\u2019orpaillage en raison des risques sanitaires et environnementaux toujours en cours. Selon une \u00e9valuation faite par le wali du Tiris, \u00e0 l\u2019occasion d\u2019une visite de terrain, organis\u00e9e mardi avec le directeur de \u00abMaaden\u00a0\u00bb, Hamoud Ould M\u2019Hamed, \u00ab\u00a0plus de 70% des composantes du projet de d\u00e9localisation auraient \u00e9t\u00e9 r\u00e9alis\u00e9s, notamment l&#8217;alimentation en eau, l&#8217;installation d&#8217;une centrale \u00e9lectrique, et le d\u00e9but de l&#8217;exploitation de la production d&#8217;or au niveau de neuf entreprises sur les 12 institutions qui b\u00e9n\u00e9ficient d\u00e9j\u00e0 d\u2019agr\u00e9ment d\u2019exploitation\u00a0\u00bb.<\/h3>\n<h3>Centre de traitement des r\u00e9sidus de l\u2019orpaillage, d\u00e9nomm\u00e9 Centre du Martyr Sid\u2019Ahmed Ould Ahmed Aida, situ\u00e9 dans la zone &#8220;Sf\u00e9riyatt dans la moughataa de Fd\u00e9rik, avait \u00e9t\u00e9 d\u00e9di\u00e9 \u00e0 cette d\u00e9localisation suite aux revendications des habitants de la ville de Zouerate lors d\u2019une visite du pr\u00e9sident Ghazouani.<br \/>\nDe larges consultations ont eu lieu entre les autorit\u00e9s administratives, la soci\u00e9t\u00e9 Maaden Mauritanie, les \u00e9lus et la soci\u00e9t\u00e9 civile, au terme desquelles la zone de Sf\u00e9riyatt a \u00e9t\u00e9 choisie pour accueillir le centre de traitement, a r\u00e9v\u00e9l\u00e9 le DG de Maaden, \u00e0 ce sujet. Il a \u00e9num\u00e9r\u00e9 les r\u00e9alisations effectu\u00e9es sur le site en ce qui se rapporte \u00e0 l\u2019eau, \u00e0 l\u2019\u00e9lectricit\u00e9, la t\u00e9l\u00e9phonie cellulaire\u2026<\/h3>\n<p>&nbsp;<\/p>\n","protected":false},"excerpt":{"rendered":"<p>Le projet de d\u00e9localisation hors zone urbaine du site d\u2019exploitation des r\u00e9sidus de l\u2019orpaillage en raison des risques sanitaires et environnementaux toujours en cours. Selon une \u00e9valuation faite par le wali du Tiris, \u00e0 l\u2019occasion d\u2019une visite de terrain, organis\u00e9e mardi avec le directeur de \u00abMaaden\u00a0\u00bb, Hamoud Ould M\u2019Hamed, \u00ab\u00a0plus de 70% des composantes du &hellip;<\/p>\n","protected":false},"author":1,"featured_media":903,"comment_status":"open","ping_status":"open","sticky":false,"template":"","format":"standard","meta":{"footnotes":""},"categories":[18],"tags":[],"class_list":["post-1032","post","type-post","status-publish","format-standard","has-post-thumbnail","hentry","category-actualites"],"_links":{"self":[{"href":"https:\/\/ladepeche.mr\/index.php?rest_route=\/wp\/v2\/posts\/1032","targetHints":{"allow":["GET"]}}],"collection":[{"href":"https:\/\/ladepeche.mr\/index.php?rest_route=\/wp\/v2\/posts"}],"about":[{"href":"https:\/\/ladepeche.mr\/index.php?rest_route=\/wp\/v2\/types\/post"}],"author":[{"embeddable":true,"href":"https:\/\/ladepeche.mr\/index.php?rest_route=\/wp\/v2\/users\/1"}],"replies":[{"embeddable":true,"href":"https:\/\/ladepeche.mr\/index.php?rest_route=%2Fwp%2Fv2%2Fcomments&post=1032"}],"version-history":[{"count":1,"href":"https:\/\/ladepeche.mr\/index.php?rest_route=\/wp\/v2\/posts\/1032\/revisions"}],"predecessor-version":[{"id":1033,"href":"https:\/\/ladepeche.mr\/index.php?rest_route=\/wp\/v2\/posts\/1032\/revisions\/1033"}],"wp:featuredmedia":[{"embeddable":true,"href":"https:\/\/ladepeche.mr\/index.php?rest_route=\/wp\/v2\/media\/903"}],"wp:attachment":[{"href":"https:\/\/ladepeche.mr\/index.php?rest_route=%2Fwp%2Fv2%2Fmedia&parent=1032"}],"wp:term":[{"taxonomy":"category","embeddable":true,"href":"https:\/\/ladepeche.mr\/index.php?rest_route=%2Fwp%2Fv2%2Fcategories&post=1032"},{"taxonomy":"post_tag","embeddable":true,"href":"https:\/\/ladepeche.mr\/index.php?rest_route=%2Fwp%2Fv2%2Ftags&post=1032"}],"curies":[{"name":"wp","href":"https:\/\/api.w.org\/{rel}","templated":true}]}}