{"id":10325,"date":"2024-07-23T11:11:51","date_gmt":"2024-07-23T11:11:51","guid":{"rendered":"https:\/\/ladepeche.mr\/?p=10325"},"modified":"2024-07-23T11:44:57","modified_gmt":"2024-07-23T11:44:57","slug":"changement-climatique-et-insecurite-alimentaire-3-millions-deuros-de-litalie-pour-aider-a-parer-aux-risques","status":"publish","type":"post","link":"https:\/\/ladepeche.mr\/?p=10325","title":{"rendered":"Changement climatique et ins\u00e9curit\u00e9 alimentaire\u00a0: 3 millions d\u2019euros de l\u2019Italie pour aider \u00e0 parer aux risques"},"content":{"rendered":"<p>Le ministre de l\u2019agriculture, Memma Ould Beibette, le repr\u00e9sentant \u00e0 Nouakchott de la FAO, Alexandre Hayen, et l\u2019Ambassadrice d\u2019Italie accr\u00e9dit\u00e9e \u00e0 Nouakchott, SE.Mme Laura Botta, ont sign\u00e9 un projet tripartite par lequel l\u2019Italie met \u00e0 la disposition de la Fao, 3 millions d\u2019euros, sur trois ans, pour apporter un appui aux autorit\u00e9s mauritaniennes \u00e0 faire face aux risques environnementaux et de s\u00e9curit\u00e9 alimentaire dans les deux r\u00e9gions orientales des deux hodhs.<\/p>\n<p>Le projet est scell\u00e9 au b\u00e9n\u00e9fice de 8 000 personnes, dont 30 % de jeunes et de femmes dans sa zone d\u2019ex\u00e9cution.<\/p>\n<blockquote class=\"wp-embedded-content\" data-secret=\"JJiF2SLyA3\"><p><a href=\"https:\/\/ladepeche.mr\/?p=10284\">R\u00e9duction des risques de catastrophes\u00a0climatiques: Le bouche \u00e0 oreille pour des alertes pr\u00e9coces<\/a><\/p><\/blockquote>\n<p><iframe loading=\"lazy\" class=\"wp-embedded-content\" sandbox=\"allow-scripts\" security=\"restricted\" style=\"position: absolute; visibility: hidden;\" title=\"\u00ab\u00a0R\u00e9duction des risques de catastrophes\u00a0climatiques: Le bouche \u00e0 oreille pour des alertes pr\u00e9coces\u00a0\u00bb &#8212; La D\u00e9p\u00eache  de Mauritanie et du Sahel\" src=\"https:\/\/ladepeche.mr\/?p=10284&#038;embed=true#?secret=1ndTYI7cLh#?secret=JJiF2SLyA3\" data-secret=\"JJiF2SLyA3\" width=\"500\" height=\"282\" frameborder=\"0\" marginwidth=\"0\" marginheight=\"0\" scrolling=\"no\"><\/iframe><\/p>\n<p>La signature de cet accord de financement \u00e9tait l\u2019occasion pour le Ministre de l\u2019Agriculture pour rappeler que le projet aidera notre pays \u00e0 face aux effets du changement climatique et \u00e0 la d\u00e9gradation des ressources naturelles, \u00e0 combler une partie du d\u00e9ficit alimentaire et \u00e0 r\u00e9duire l\u2019ins\u00e9curit\u00e9 alimentaire dans ses zones d\u2019intervention. Des effets pervers des changements climatiques que le repr\u00e9sentant de la FAO a index\u00e9 exacerber l\u2019ins\u00e9curit\u00e9 alimentaire et nutritionnelle dans le pays pr\u00e9cisant que son organisation reste sensible \u00e0 ces impacts et qu\u2019elle coordonne avec toutes les prenantes sur ces questions en Mauritanie.<\/p>\n<p>Quant \u00e0 SE.Mme Laura Botta, elle a inscrit cette action dans la solidit\u00e9 des relations bilat\u00e9rales pr\u00e9cisant que la coop\u00e9ration ira crescendo avec l\u2019\u00e9largissement en cours \u00e0 des domaines de coop\u00e9ration comme les mines, l\u2019\u00e9nergie\u2026<\/p>\n","protected":false},"excerpt":{"rendered":"<p>Le ministre de l\u2019agriculture, Memma Ould Beibette, le repr\u00e9sentant \u00e0 Nouakchott de la FAO, Alexandre Hayen, et l\u2019Ambassadrice d\u2019Italie accr\u00e9dit\u00e9e \u00e0 Nouakchott, SE.Mme Laura Botta, ont sign\u00e9 un projet tripartite par lequel l\u2019Italie met \u00e0 la disposition de la Fao, 3 millions d\u2019euros, sur trois ans, pour apporter un appui aux autorit\u00e9s mauritaniennes \u00e0 faire &hellip;<\/p>\n","protected":false},"author":2,"featured_media":10326,"comment_status":"open","ping_status":"open","sticky":false,"template":"","format":"standard","meta":{"footnotes":""},"categories":[18],"tags":[],"class_list":["post-10325","post","type-post","status-publish","format-standard","has-post-thumbnail","hentry","category-actualites"],"_links":{"self":[{"href":"https:\/\/ladepeche.mr\/index.php?rest_route=\/wp\/v2\/posts\/10325","targetHints":{"allow":["GET"]}}],"collection":[{"href":"https:\/\/ladepeche.mr\/index.php?rest_route=\/wp\/v2\/posts"}],"about":[{"href":"https:\/\/ladepeche.mr\/index.php?rest_route=\/wp\/v2\/types\/post"}],"author":[{"embeddable":true,"href":"https:\/\/ladepeche.mr\/index.php?rest_route=\/wp\/v2\/users\/2"}],"replies":[{"embeddable":true,"href":"https:\/\/ladepeche.mr\/index.php?rest_route=%2Fwp%2Fv2%2Fcomments&post=10325"}],"version-history":[{"count":2,"href":"https:\/\/ladepeche.mr\/index.php?rest_route=\/wp\/v2\/posts\/10325\/revisions"}],"predecessor-version":[{"id":10332,"href":"https:\/\/ladepeche.mr\/index.php?rest_route=\/wp\/v2\/posts\/10325\/revisions\/10332"}],"wp:featuredmedia":[{"embeddable":true,"href":"https:\/\/ladepeche.mr\/index.php?rest_route=\/wp\/v2\/media\/10326"}],"wp:attachment":[{"href":"https:\/\/ladepeche.mr\/index.php?rest_route=%2Fwp%2Fv2%2Fmedia&parent=10325"}],"wp:term":[{"taxonomy":"category","embeddable":true,"href":"https:\/\/ladepeche.mr\/index.php?rest_route=%2Fwp%2Fv2%2Fcategories&post=10325"},{"taxonomy":"post_tag","embeddable":true,"href":"https:\/\/ladepeche.mr\/index.php?rest_route=%2Fwp%2Fv2%2Ftags&post=10325"}],"curies":[{"name":"wp","href":"https:\/\/api.w.org\/{rel}","templated":true}]}}