{"id":10328,"date":"2024-07-23T11:24:29","date_gmt":"2024-07-23T11:24:29","guid":{"rendered":"https:\/\/ladepeche.mr\/?p=10328"},"modified":"2024-07-23T11:24:29","modified_gmt":"2024-07-23T11:24:29","slug":"mali-une-attaque-jihadiste-fait-25-morts-a-dembo-dans-le-centre-du-pays","status":"publish","type":"post","link":"https:\/\/ladepeche.mr\/?p=10328","title":{"rendered":"Mali: une attaque jihadiste fait 25 morts \u00e0 Dembo dans le centre du pays"},"content":{"rendered":"<p class=\"t-content__chapo\">Au Mali, une vingtaine de personnes ont \u00e9t\u00e9 tu\u00e9es dimanche 21 juillet dans le village de Dembo, commune de Dimbal, pr\u00e8s de Bankass, dans le centre du Mali. Pas de revendication officielle, mais les sources locales jointes par RFI attribuent toutes, l&#8217;attaque au Groupe de soutien \u00e0 l&#8217;islam et aux musulmans, li\u00e9 \u00e0 al-Qa\u00efda, qui impose sa loi dans de nombreux villages du secteur et m\u00e8ne des attaques r\u00e9currentes dans les autres.<\/p>\n<div class=\"t-content__dates t-content__dates--reading-time\">\n<p>Les nombreuses sources locales jointes par RFI\u00a0\u2013 \u00e9lus, repr\u00e9sentants communautaires, chasseurs dozos\u00a0\u2013 font \u00e9tat d&#8217;au moins 25 morts. Pour l&#8217;essentiel, il s&#8217;agit de villageois qui travaillaient dans leurs champs. Quatre des victimes sont des chasseurs traditionnels dozos qui s&#8217;efforcent, dans cette partie du pays, de d\u00e9fendre les habitants face aux jihadistes du Jnim. L&#8217;attaque est survenue aux alentours de 16h, dimanche 21 juillet.<\/p>\n<p>Un autre village tout proche, Sogou Dorkoum, a \u00e9galement \u00e9t\u00e9 attaqu\u00e9 dimanche apr\u00e8s-midi. Aucune victime n\u2019est \u00e0 d\u00e9plorer, mais des pillages ont \u00e9t\u00e9 signal\u00e9s, notamment d&#8217;animaux. La semaine derni\u00e8re, mardi 16 juillet, les jihadistes avaient attaqu\u00e9 Bagourou et Yabatalou \u2013 l\u00e0 encore, seuls des pillages ont \u00e9t\u00e9 rapport\u00e9s \u2013, puis Deguessagou, le vendredi 19 juillet, o\u00f9 deux chasseurs dozos qui surveillaient les champs avaient \u00e9t\u00e9 tu\u00e9s.<\/p>\n<p>En ce d\u00e9but d&#8217;hivernage, les travaux agricoles sont th\u00e9oriquement intenses pour les semis et le lancement des cultures. Un ressortissant de la zone \u00e9voque la \u00ab\u00a0<em>psychose<\/em>\u00a0\u00bb des habitants qui craignent, lorsqu&#8217;ils partent aux champs, de ne pas en revenir vivant. Certaines sources rapportent des mouvements de population.<\/p>\n<p>Au d\u00e9but du mois, le Jnim avait d\u00e9j\u00e0 tu\u00e9 21 villageois \u00e0 Djiguibombo. Et si l&#8217;on remonte le fil, la liste des attaques de villages ou d&#8217;enl\u00e8vement d&#8217;autocars circulant sur la RN15, qui traverse la r\u00e9gion, est longue : le Jnim a conclu des accords locaux avec de nombreuses communes du secteur, mais multiplie les actes de violence contre celles qui refusent de se soumettre \u00e0 leurs r\u00e8gles.<\/p>\n<p>Sollicit\u00e9s par RFI, ni le gouvernorat, ni l&#8217;arm\u00e9e malienne n&#8217;ont souhait\u00e9 apporter de commentaires.<\/p>\n<p>Source RFI<\/p>\n<\/div>\n","protected":false},"excerpt":{"rendered":"<p>Au Mali, une vingtaine de personnes ont \u00e9t\u00e9 tu\u00e9es dimanche 21 juillet dans le village de Dembo, commune de Dimbal, pr\u00e8s de Bankass, dans le centre du Mali. Pas de revendication officielle, mais les sources locales jointes par RFI attribuent toutes, l&#8217;attaque au Groupe de soutien \u00e0 l&#8217;islam et aux musulmans, li\u00e9 \u00e0 al-Qa\u00efda, qui &hellip;<\/p>\n","protected":false},"author":2,"featured_media":10329,"comment_status":"open","ping_status":"open","sticky":false,"template":"","format":"standard","meta":{"footnotes":""},"categories":[18,29,28],"tags":[],"class_list":["post-10328","post","type-post","status-publish","format-standard","has-post-thumbnail","hentry","category-actualites","category-monde","category-sahel"],"_links":{"self":[{"href":"https:\/\/ladepeche.mr\/index.php?rest_route=\/wp\/v2\/posts\/10328","targetHints":{"allow":["GET"]}}],"collection":[{"href":"https:\/\/ladepeche.mr\/index.php?rest_route=\/wp\/v2\/posts"}],"about":[{"href":"https:\/\/ladepeche.mr\/index.php?rest_route=\/wp\/v2\/types\/post"}],"author":[{"embeddable":true,"href":"https:\/\/ladepeche.mr\/index.php?rest_route=\/wp\/v2\/users\/2"}],"replies":[{"embeddable":true,"href":"https:\/\/ladepeche.mr\/index.php?rest_route=%2Fwp%2Fv2%2Fcomments&post=10328"}],"version-history":[{"count":1,"href":"https:\/\/ladepeche.mr\/index.php?rest_route=\/wp\/v2\/posts\/10328\/revisions"}],"predecessor-version":[{"id":10330,"href":"https:\/\/ladepeche.mr\/index.php?rest_route=\/wp\/v2\/posts\/10328\/revisions\/10330"}],"wp:featuredmedia":[{"embeddable":true,"href":"https:\/\/ladepeche.mr\/index.php?rest_route=\/wp\/v2\/media\/10329"}],"wp:attachment":[{"href":"https:\/\/ladepeche.mr\/index.php?rest_route=%2Fwp%2Fv2%2Fmedia&parent=10328"}],"wp:term":[{"taxonomy":"category","embeddable":true,"href":"https:\/\/ladepeche.mr\/index.php?rest_route=%2Fwp%2Fv2%2Fcategories&post=10328"},{"taxonomy":"post_tag","embeddable":true,"href":"https:\/\/ladepeche.mr\/index.php?rest_route=%2Fwp%2Fv2%2Ftags&post=10328"}],"curies":[{"name":"wp","href":"https:\/\/api.w.org\/{rel}","templated":true}]}}