{"id":1034,"date":"2022-07-14T13:52:11","date_gmt":"2022-07-14T13:52:11","guid":{"rendered":"http:\/\/ladepeche.mr\/?p=1034"},"modified":"2022-07-14T13:52:11","modified_gmt":"2022-07-14T13:52:11","slug":"arts-et-cultures-malhounyat-azemmour-celebre-les-plus-grands-mounchidine-de-cet-art","status":"publish","type":"post","link":"https:\/\/ladepeche.mr\/?p=1034","title":{"rendered":"Arts et Cultures : \u00abMalhounyat Azemmour\u00bb c\u00e9l\u00e8bre les plus grands \u00abMounchidine\u00bb de cet art"},"content":{"rendered":"<p>La Place Abraham Moulniss \u00e0 Azemmour accueille, du 14 au 16 juillet, la 10e \u00e9dition du Festival international de l&#8217;art du Melhoun, avec comme invit\u00e9 d\u2019honneur la Mauritanie, \u00e0 travers la troupe Teranim. Au cours de cette \u00e9dition, un grand hommage sera rendu au secr\u00e9taire perp\u00e9tuel de l&#8217;Acad\u00e9mie du Royaume du Maroc, Abdeljalil Lahjomri.<\/p>\n<p>Selon le communiqu\u00e9 du Festival, Teranim est une troupe mauritanienne de medh form\u00e9e de neuf membres, dirig\u00e9s par le jeune Al-Maddah Ahmed Youba, travaillant tous sous la banni\u00e8re du Centre Teranim pour les arts populaires. Il s&#8217;agit de leur premi\u00e8re participation \u00e0 l&#8217;ext\u00e9rieur du pays. \u00abAu niveau du centre Teranim pour les arts populaires, nous consid\u00e9rons que cette sortie, apr\u00e8s neuf ann\u00e9es de travail, de production et d&#8217;animation de l&#8217;espace culturel et artistique local, est tr\u00e8s importante pour attirer l&#8217;attention du reste du monde sur les magnifiques prestations des louangeurs (El-Medahas) du proph\u00e8te, paix et salut sur lui.<\/p>\n","protected":false},"excerpt":{"rendered":"<p>La Place Abraham Moulniss \u00e0 Azemmour accueille, du 14 au 16 juillet, la 10e \u00e9dition du Festival international de l&#8217;art du Melhoun, avec comme invit\u00e9 d\u2019honneur la Mauritanie, \u00e0 travers la troupe Teranim. Au cours de cette \u00e9dition, un grand hommage sera rendu au secr\u00e9taire perp\u00e9tuel de l&#8217;Acad\u00e9mie du Royaume du Maroc, Abdeljalil Lahjomri. Selon &hellip;<\/p>\n","protected":false},"author":1,"featured_media":1038,"comment_status":"open","ping_status":"open","sticky":false,"template":"","format":"standard","meta":{"footnotes":""},"categories":[18],"tags":[],"class_list":["post-1034","post","type-post","status-publish","format-standard","has-post-thumbnail","hentry","category-actualites"],"_links":{"self":[{"href":"https:\/\/ladepeche.mr\/index.php?rest_route=\/wp\/v2\/posts\/1034","targetHints":{"allow":["GET"]}}],"collection":[{"href":"https:\/\/ladepeche.mr\/index.php?rest_route=\/wp\/v2\/posts"}],"about":[{"href":"https:\/\/ladepeche.mr\/index.php?rest_route=\/wp\/v2\/types\/post"}],"author":[{"embeddable":true,"href":"https:\/\/ladepeche.mr\/index.php?rest_route=\/wp\/v2\/users\/1"}],"replies":[{"embeddable":true,"href":"https:\/\/ladepeche.mr\/index.php?rest_route=%2Fwp%2Fv2%2Fcomments&post=1034"}],"version-history":[{"count":1,"href":"https:\/\/ladepeche.mr\/index.php?rest_route=\/wp\/v2\/posts\/1034\/revisions"}],"predecessor-version":[{"id":1039,"href":"https:\/\/ladepeche.mr\/index.php?rest_route=\/wp\/v2\/posts\/1034\/revisions\/1039"}],"wp:featuredmedia":[{"embeddable":true,"href":"https:\/\/ladepeche.mr\/index.php?rest_route=\/wp\/v2\/media\/1038"}],"wp:attachment":[{"href":"https:\/\/ladepeche.mr\/index.php?rest_route=%2Fwp%2Fv2%2Fmedia&parent=1034"}],"wp:term":[{"taxonomy":"category","embeddable":true,"href":"https:\/\/ladepeche.mr\/index.php?rest_route=%2Fwp%2Fv2%2Fcategories&post=1034"},{"taxonomy":"post_tag","embeddable":true,"href":"https:\/\/ladepeche.mr\/index.php?rest_route=%2Fwp%2Fv2%2Ftags&post=1034"}],"curies":[{"name":"wp","href":"https:\/\/api.w.org\/{rel}","templated":true}]}}