{"id":10340,"date":"2024-07-23T16:37:24","date_gmt":"2024-07-23T16:37:24","guid":{"rendered":"https:\/\/ladepeche.mr\/?p=10340"},"modified":"2024-07-23T16:37:24","modified_gmt":"2024-07-23T16:37:24","slug":"lancement-dune-etude-pour-maximiser-limpact-des-programmes-de-protection-sociale-sur-la-nutrition","status":"publish","type":"post","link":"https:\/\/ladepeche.mr\/?p=10340","title":{"rendered":"Lancement d&#8217;une \u00e9tude pour maximiser  l&#8217;impact des programmes de protection sociale sur la nutrition"},"content":{"rendered":"<div class=\"Vd2cB\">\n<div class=\"VhLpLd\">\n<div class=\"dHn2d\">\n<div class=\"IoGNdb Zc0jMc  dlaWib\" dir=\"ltr\">\n<div>\n<div>\n<div>\n<div>Sous le patronage du minist\u00e8re de l&#8217;\u00c9conomie et du D\u00e9veloppement durable, une r\u00e9union a \u00e9t\u00e9 tenue, mardi dans les locaux du minist\u00e8re, \u00a0regroupant la plateforme multisectorielle de nutrition et le comit\u00e9 technique d&#8217;\u00e9laboration de la strat\u00e9gie nationale de protection sociale, pour le lancement de l&#8217;\u00e9tude ayant pour objectif de maximiser l&#8217;impact des programmes de la protection sociale sur les indicateurs de la nutrition en Mauritanie.<\/div>\n<div><\/div>\n<div>Dans son discours d&#8217;ouverture, le directeur g\u00e9n\u00e9ral adjoint des strat\u00e9gies et politiques de d\u00e9veloppement, M. Mohamed Abdderrahmane Ould Deddy , a remerci\u00e9 les membres des deux comit\u00e9s pour leur pr\u00e9sence \u00e0 cette importante r\u00e9union consacr\u00e9e \u00e0 la pr\u00e9sentation des termes de r\u00e9f\u00e9rence de ladite \u00e9tude.<\/div>\n<div>Il a rappel\u00e9 les efforts d\u00e9ploy\u00e9s par le gouvernement mauritanien en mati\u00e8re de nutrition, qui ont eu un r\u00e9el impact sur la pr\u00e9valence du retard de croissance, qui a \u00a0\u00e9t\u00e9 r\u00e9duit de 15 points au cours des deux derni\u00e8res d\u00e9cennies. Il a \u00e9galement soulign\u00e9 que les interventions de l&#8217;\u00c9tat pendant les vagues de s\u00e9cheresse ont permis d&#8217;\u00e9viter la propagation de la malnutrition et de la famine parmi les populations les plus vuln\u00e9rables.<\/div>\n<div>source MEcDD<\/div>\n<\/div>\n<\/div>\n<\/div>\n<div><\/div>\n<\/div>\n<\/div>\n<\/div>\n<\/div>\n<div><\/div>\n<div class=\"Vd2cB\">\n<div class=\"VhLpLd\">\n<div class=\"dHn2d\"><\/div>\n<\/div>\n<\/div>\n","protected":false},"excerpt":{"rendered":"<p>Sous le patronage du minist\u00e8re de l&#8217;\u00c9conomie et du D\u00e9veloppement durable, une r\u00e9union a \u00e9t\u00e9 tenue, mardi dans les locaux du minist\u00e8re, \u00a0regroupant la plateforme multisectorielle de nutrition et le comit\u00e9 technique d&#8217;\u00e9laboration de la strat\u00e9gie nationale de protection sociale, pour le lancement de l&#8217;\u00e9tude ayant pour objectif de maximiser l&#8217;impact des programmes de la &hellip;<\/p>\n","protected":false},"author":2,"featured_media":10341,"comment_status":"open","ping_status":"open","sticky":false,"template":"","format":"standard","meta":{"footnotes":""},"categories":[18,2],"tags":[],"class_list":["post-10340","post","type-post","status-publish","format-standard","has-post-thumbnail","hentry","category-actualites","category-economie"],"_links":{"self":[{"href":"https:\/\/ladepeche.mr\/index.php?rest_route=\/wp\/v2\/posts\/10340","targetHints":{"allow":["GET"]}}],"collection":[{"href":"https:\/\/ladepeche.mr\/index.php?rest_route=\/wp\/v2\/posts"}],"about":[{"href":"https:\/\/ladepeche.mr\/index.php?rest_route=\/wp\/v2\/types\/post"}],"author":[{"embeddable":true,"href":"https:\/\/ladepeche.mr\/index.php?rest_route=\/wp\/v2\/users\/2"}],"replies":[{"embeddable":true,"href":"https:\/\/ladepeche.mr\/index.php?rest_route=%2Fwp%2Fv2%2Fcomments&post=10340"}],"version-history":[{"count":1,"href":"https:\/\/ladepeche.mr\/index.php?rest_route=\/wp\/v2\/posts\/10340\/revisions"}],"predecessor-version":[{"id":10342,"href":"https:\/\/ladepeche.mr\/index.php?rest_route=\/wp\/v2\/posts\/10340\/revisions\/10342"}],"wp:featuredmedia":[{"embeddable":true,"href":"https:\/\/ladepeche.mr\/index.php?rest_route=\/wp\/v2\/media\/10341"}],"wp:attachment":[{"href":"https:\/\/ladepeche.mr\/index.php?rest_route=%2Fwp%2Fv2%2Fmedia&parent=10340"}],"wp:term":[{"taxonomy":"category","embeddable":true,"href":"https:\/\/ladepeche.mr\/index.php?rest_route=%2Fwp%2Fv2%2Fcategories&post=10340"},{"taxonomy":"post_tag","embeddable":true,"href":"https:\/\/ladepeche.mr\/index.php?rest_route=%2Fwp%2Fv2%2Ftags&post=10340"}],"curies":[{"name":"wp","href":"https:\/\/api.w.org\/{rel}","templated":true}]}}