{"id":10343,"date":"2024-07-23T17:06:59","date_gmt":"2024-07-23T17:06:59","guid":{"rendered":"https:\/\/ladepeche.mr\/?p=10343"},"modified":"2024-07-23T17:06:59","modified_gmt":"2024-07-23T17:06:59","slug":"communique-du-conseil-des-ministres-du-mardi-23-juillet-2024","status":"publish","type":"post","link":"https:\/\/ladepeche.mr\/?p=10343","title":{"rendered":"Communiqu\u00e9 du Conseil des Ministres du Mardi 23 juillet 2024"},"content":{"rendered":"<p>Le Conseil des Ministres s\u2019est r\u00e9uni le Mardi 23 juillet 2024, sous la Pr\u00e9sidence de Son Excellence Monsieur le Pr\u00e9sident de la R\u00e9publique, Mohamed Ould Cheikh El Ghazouani.<\/p>\n<p>Le Conseil a examin\u00e9 et approuv\u00e9 les deux projets de lois suivants:<\/p>\n<p>\u2010 Projet de loi portant Code de l\u2019Hydrog\u00e8ne Vert.<\/p>\n<p>Ce projet de loi a pour objectif de mettre en place un cadre l\u00e9gal et r\u00e9glementaire incitatif et transparent, \u00e0 m\u00eame d\u2019attirer les investissements n\u00e9cessaires au d\u00e9veloppement du secteur de l\u2019hydrog\u00e8ne vert.<\/p>\n<p>Le Code de l\u2019hydrog\u00e8ne vert constitue une premi\u00e8re \u00e9tape pour r\u00e9glementer les diff\u00e9rentes activit\u00e9s industrielles en amont et en aval, brutes et raffin\u00e9es du processus de production de l\u2019hydrog\u00e8ne vert, et pour renforcer la confiance des investisseurs internationaux qui manifestent un int\u00e9r\u00eat croissant pour le d\u00e9veloppement et l\u2019exploitation des projets dans ce domaine.<\/p>\n<p>\u2010 Projet de loi portant contenu local dans les secteurs des Industries Extractives et de l\u2019\u00c9nergie.<\/p>\n<p>Le pr\u00e9sent projet de loi sur le contenu local dans les secteurs des industries Extractives et de l\u2019\u00c9nergie est pris \u00e0 l\u2019appui des objectifs de la strat\u00e9gie du Contenu Local dans le secteur Extractif (CLE) 2022-2030, la vision Mini\u00e8re Africaine et l\u2019Agenda 2063 de l\u2019Union Africaine, ainsi que des accords d\u2019\u00e9changes commerciaux avec les pays Africains.<\/p>\n<p>Ce projet de loi s\u2019appuie sur le r\u00f4le croissant des industries extractives et de l\u2019\u00e9nergie de l\u2019hydrog\u00e8ne vert dans l\u2019\u00e9conomie du pays, afin de poser les bases d\u2019une \u00e9conomie moins d\u00e9pendante des ressources naturelles, dont certains non renouvelables.<\/p>\n<p>Il met en place des mesures d\u2019accompagnement \u00e0 m\u00eame d\u2019assurer la prise en charge des imp\u00e9ratifs de d\u00e9veloppement, \u00e0 travers de nouveaux leviers bas\u00e9s principalement sur, la promotion de petites et moyennes entreprises de fourniture de biens et de services de qualit\u00e9, et le d\u00e9veloppement d\u2019un savoir-faire et d\u2019une expertise au niveau local.<\/p>\n<p>Le Conseil a \u00e9galement examin\u00e9 et adopt\u00e9 le projet de d\u00e9cret abrogeant et rempla\u00e7ant le d\u00e9cret n\u00b02020-132 du 21\/10\/2020 d\u00e9terminant les orientations et les priorit\u00e9s en mati\u00e8re d\u2019acc\u00e8s universel aux services des communications \u00e9lectroniques.<\/p>\n<p>Le projet de d\u00e9cret vise \u00e0 apporter quelques am\u00e9liorations fondamentales au d\u00e9cret n\u00b02020-132 du 21 octobre 2020 fixant les orientations et les priorit\u00e9s de l\u2019acc\u00e8s universel aux services de communications \u00e9lectroniques, ce qui entra\u00eenera un changement qualitatif dans la mise en \u0153uvre des projets d\u2019acc\u00e8s universel et des programmes.<\/p>\n<p>Le projet de d\u00e9cret permettra \u00e9galement d\u2019actualiser certains des objectifs de la strat\u00e9gie sectorielle d\u2019acc\u00e8s universel et de renforcer la coop\u00e9ration entre le minist\u00e8re en charge des communications \u00e9lectroniques et l\u2019autorit\u00e9 de r\u00e9gulation dans la mise en \u0153uvre des programmes pour un acc\u00e8s universel aux services de communications \u00e9lectroniques.<\/p>\n<p>Le Ministre des Affaires \u00c9trang\u00e8res, de la Coop\u00e9ration et des Mauritaniens de l\u2019Ext\u00e9rieur, a pr\u00e9sent\u00e9 une communication relative \u00e0 la situation internationale.<\/p>\n<p>Le Ministre de l\u2019Int\u00e9rieur et de la D\u00e9centralisation a pr\u00e9sent\u00e9 une communication relative \u00e0 la situation int\u00e9rieure.<\/p>\n","protected":false},"excerpt":{"rendered":"<p>Le Conseil des Ministres s\u2019est r\u00e9uni le Mardi 23 juillet 2024, sous la Pr\u00e9sidence de Son Excellence Monsieur le Pr\u00e9sident de la R\u00e9publique, Mohamed Ould Cheikh El Ghazouani. Le Conseil a examin\u00e9 et approuv\u00e9 les deux projets de lois suivants: \u2010 Projet de loi portant Code de l\u2019Hydrog\u00e8ne Vert. Ce projet de loi a pour &hellip;<\/p>\n","protected":false},"author":2,"featured_media":8932,"comment_status":"open","ping_status":"open","sticky":false,"template":"","format":"standard","meta":{"footnotes":""},"categories":[18],"tags":[],"class_list":["post-10343","post","type-post","status-publish","format-standard","has-post-thumbnail","hentry","category-actualites"],"_links":{"self":[{"href":"https:\/\/ladepeche.mr\/index.php?rest_route=\/wp\/v2\/posts\/10343","targetHints":{"allow":["GET"]}}],"collection":[{"href":"https:\/\/ladepeche.mr\/index.php?rest_route=\/wp\/v2\/posts"}],"about":[{"href":"https:\/\/ladepeche.mr\/index.php?rest_route=\/wp\/v2\/types\/post"}],"author":[{"embeddable":true,"href":"https:\/\/ladepeche.mr\/index.php?rest_route=\/wp\/v2\/users\/2"}],"replies":[{"embeddable":true,"href":"https:\/\/ladepeche.mr\/index.php?rest_route=%2Fwp%2Fv2%2Fcomments&post=10343"}],"version-history":[{"count":1,"href":"https:\/\/ladepeche.mr\/index.php?rest_route=\/wp\/v2\/posts\/10343\/revisions"}],"predecessor-version":[{"id":10344,"href":"https:\/\/ladepeche.mr\/index.php?rest_route=\/wp\/v2\/posts\/10343\/revisions\/10344"}],"wp:featuredmedia":[{"embeddable":true,"href":"https:\/\/ladepeche.mr\/index.php?rest_route=\/wp\/v2\/media\/8932"}],"wp:attachment":[{"href":"https:\/\/ladepeche.mr\/index.php?rest_route=%2Fwp%2Fv2%2Fmedia&parent=10343"}],"wp:term":[{"taxonomy":"category","embeddable":true,"href":"https:\/\/ladepeche.mr\/index.php?rest_route=%2Fwp%2Fv2%2Fcategories&post=10343"},{"taxonomy":"post_tag","embeddable":true,"href":"https:\/\/ladepeche.mr\/index.php?rest_route=%2Fwp%2Fv2%2Ftags&post=10343"}],"curies":[{"name":"wp","href":"https:\/\/api.w.org\/{rel}","templated":true}]}}