{"id":10345,"date":"2024-07-23T19:13:40","date_gmt":"2024-07-23T19:13:40","guid":{"rendered":"https:\/\/ladepeche.mr\/?p=10345"},"modified":"2024-07-23T19:13:55","modified_gmt":"2024-07-23T19:13:55","slug":"sante-la-ministre-pour-une-tracabilite-a-lassurance-maladie","status":"publish","type":"post","link":"https:\/\/ladepeche.mr\/?p=10345","title":{"rendered":"Sant\u00e9\u00a0: La ministre pour une tra\u00e7abilit\u00e9 de l\u2019assurance maladie"},"content":{"rendered":"<p>La ministre de la Sant\u00e9, Mme Naha Hamdi MOUKNASS, a pr\u00e9sid\u00e9, lundi, une r\u00e9union consacr\u00e9e \u00e0 l&#8217;examen du syst\u00e8me d&#8217;information que la Caisse Nationale d&#8217;Assurance Maladie (CNAM) a mis en place au cours des derniers mois. Ce syst\u00e8me permet l&#8217;identification biom\u00e9trique des assur\u00e9s de la CNAM, afin de garantir leurs droits, de faciliter leur acc\u00e8s aux services de sant\u00e9, d&#8217;acc\u00e9l\u00e9rer le traitement de leurs dossiers et de prot\u00e9ger les ressources financi\u00e8res de l&#8217;institution contre les utilisations abusives.<\/p>\n<p>Le nouveau syst\u00e8me lie l&#8217;acc\u00e8s aux services \u00e0 l&#8217;empreinte digitale dans les \u00e9tablissements de prestation de services, afin de garantir que l&#8217;assur\u00e9 lui-m\u00eame en b\u00e9n\u00e9ficie. Ce syst\u00e8me permettra \u00e9galement aux unit\u00e9s de sant\u00e9 de suivre tous les services fournis aux patients et fournira \u00e0 la CNAM une base de donn\u00e9es sur les services fournis dans les diff\u00e9rents \u00e9tablissements, ce qui acc\u00e9l\u00e9rera le traitement des factures adress\u00e9es \u00e0 la CNAM par ces \u00e9tablissements.<\/p>\n<p>Le syst\u00e8me d&#8217;information de la CNAM propose aussi des alternatives \u00e0 l&#8217;empreinte digitale pour traiter les cas particuliers o\u00f9 il est impossible de prendre des empreintes digitales. Cela se fait \u00e0 travers l&#8217;identification faciale de l&#8217;assur\u00e9 ou l&#8217;attribution de &#8220;codes&#8221; temporaires permettant aux assur\u00e9s de cette cat\u00e9gorie de b\u00e9n\u00e9ficier des services de sant\u00e9 n\u00e9cessaires.<\/p>\n<p>La r\u00e9union s&#8217;est d\u00e9roul\u00e9e en pr\u00e9sence du directeur g\u00e9n\u00e9ral de la CNAM, du directeur g\u00e9n\u00e9ral de la sant\u00e9 publique, du directeur adjoint des Infrastructures, des Equipements et des fournitures, ainsi que de nombreux responsables de la CNAM.<\/p>\n<p>&nbsp;<\/p>\n","protected":false},"excerpt":{"rendered":"<p>La ministre de la Sant\u00e9, Mme Naha Hamdi MOUKNASS, a pr\u00e9sid\u00e9, lundi, une r\u00e9union consacr\u00e9e \u00e0 l&#8217;examen du syst\u00e8me d&#8217;information que la Caisse Nationale d&#8217;Assurance Maladie (CNAM) a mis en place au cours des derniers mois. Ce syst\u00e8me permet l&#8217;identification biom\u00e9trique des assur\u00e9s de la CNAM, afin de garantir leurs droits, de faciliter leur acc\u00e8s &hellip;<\/p>\n","protected":false},"author":2,"featured_media":10346,"comment_status":"open","ping_status":"open","sticky":false,"template":"","format":"standard","meta":{"footnotes":""},"categories":[18,27],"tags":[],"class_list":["post-10345","post","type-post","status-publish","format-standard","has-post-thumbnail","hentry","category-actualites","category-sante"],"_links":{"self":[{"href":"https:\/\/ladepeche.mr\/index.php?rest_route=\/wp\/v2\/posts\/10345","targetHints":{"allow":["GET"]}}],"collection":[{"href":"https:\/\/ladepeche.mr\/index.php?rest_route=\/wp\/v2\/posts"}],"about":[{"href":"https:\/\/ladepeche.mr\/index.php?rest_route=\/wp\/v2\/types\/post"}],"author":[{"embeddable":true,"href":"https:\/\/ladepeche.mr\/index.php?rest_route=\/wp\/v2\/users\/2"}],"replies":[{"embeddable":true,"href":"https:\/\/ladepeche.mr\/index.php?rest_route=%2Fwp%2Fv2%2Fcomments&post=10345"}],"version-history":[{"count":2,"href":"https:\/\/ladepeche.mr\/index.php?rest_route=\/wp\/v2\/posts\/10345\/revisions"}],"predecessor-version":[{"id":10348,"href":"https:\/\/ladepeche.mr\/index.php?rest_route=\/wp\/v2\/posts\/10345\/revisions\/10348"}],"wp:featuredmedia":[{"embeddable":true,"href":"https:\/\/ladepeche.mr\/index.php?rest_route=\/wp\/v2\/media\/10346"}],"wp:attachment":[{"href":"https:\/\/ladepeche.mr\/index.php?rest_route=%2Fwp%2Fv2%2Fmedia&parent=10345"}],"wp:term":[{"taxonomy":"category","embeddable":true,"href":"https:\/\/ladepeche.mr\/index.php?rest_route=%2Fwp%2Fv2%2Fcategories&post=10345"},{"taxonomy":"post_tag","embeddable":true,"href":"https:\/\/ladepeche.mr\/index.php?rest_route=%2Fwp%2Fv2%2Ftags&post=10345"}],"curies":[{"name":"wp","href":"https:\/\/api.w.org\/{rel}","templated":true}]}}