{"id":10351,"date":"2024-07-24T10:05:24","date_gmt":"2024-07-24T10:05:24","guid":{"rendered":"https:\/\/ladepeche.mr\/?p=10351"},"modified":"2024-07-24T10:05:24","modified_gmt":"2024-07-24T10:05:24","slug":"produits-de-la-peche-bresil-nouvelle-destination-des-petits-pelagiques-mauritaniens","status":"publish","type":"post","link":"https:\/\/ladepeche.mr\/?p=10351","title":{"rendered":"Produits de la P\u00eache : Br\u00e9sil, nouvelle destination des petits p\u00e9lagiques mauritaniens"},"content":{"rendered":"<p>La premi\u00e8re exp\u00e9dition de 30.000 tonnes de sardines destin\u00e9e au march\u00e9 br\u00e9silien a donn\u00e9 lieu mardi \u00e0 une c\u00e9r\u00e9monie inaugur\u00e9e \u00e0 l\u2019ambassade br\u00e9silienne \u00e0 Nouakchott pour c\u00e9l\u00e9brer l\u2019\u00e9v\u00e9nement.<br \/>\nUne occasion \u00e9galement pour le secr\u00e9taire g\u00e9n\u00e9ral par int\u00e9rim du minist\u00e8re des P\u00eaches et de l\u2019Economie Maritime, Kamara Daraman Hamadi, de louer cette inauguration des \u00e9changes commerciaux et d\u2019exhorter \u00e0 redoubler la coop\u00e9ration entre notre pays et le Br\u00e9sil. Un sentiment partag\u00e9 par Mohamed Mokhtar Ould Mohamed Lemine, pr\u00e9sident du groupe parlementaire d\u2019amiti\u00e9 Mauritanie-Br\u00e9sil.<br \/>\nPour sa part, S.E.M. l\u2019ambassadeur du Br\u00e9sil, M. Evaldo Freire, a pass\u00e9 en revue le volume de la coop\u00e9ration entre la Mauritanie et le Br\u00e9sil, soulignant les besoins du march\u00e9 br\u00e9silien en produits de mer.<br \/>\nLe march\u00e9 carioca aurait besoin d\u2019un million de tonnes de sardines par an, a rench\u00e9ri le repr\u00e9sentant de F\u00e9d\u00e9ration Nationale de P\u00eache. <\/p>\n","protected":false},"excerpt":{"rendered":"<p>La premi\u00e8re exp\u00e9dition de 30.000 tonnes de sardines destin\u00e9e au march\u00e9 br\u00e9silien a donn\u00e9 lieu mardi \u00e0 une c\u00e9r\u00e9monie inaugur\u00e9e \u00e0 l\u2019ambassade br\u00e9silienne \u00e0 Nouakchott pour c\u00e9l\u00e9brer l\u2019\u00e9v\u00e9nement. Une occasion \u00e9galement pour le secr\u00e9taire g\u00e9n\u00e9ral par int\u00e9rim du minist\u00e8re des P\u00eaches et de l\u2019Economie Maritime, Kamara Daraman Hamadi, de louer cette inauguration des \u00e9changes commerciaux &hellip;<\/p>\n","protected":false},"author":2,"featured_media":10352,"comment_status":"open","ping_status":"open","sticky":false,"template":"","format":"standard","meta":{"footnotes":""},"categories":[18,2],"tags":[],"class_list":["post-10351","post","type-post","status-publish","format-standard","has-post-thumbnail","hentry","category-actualites","category-economie"],"_links":{"self":[{"href":"https:\/\/ladepeche.mr\/index.php?rest_route=\/wp\/v2\/posts\/10351","targetHints":{"allow":["GET"]}}],"collection":[{"href":"https:\/\/ladepeche.mr\/index.php?rest_route=\/wp\/v2\/posts"}],"about":[{"href":"https:\/\/ladepeche.mr\/index.php?rest_route=\/wp\/v2\/types\/post"}],"author":[{"embeddable":true,"href":"https:\/\/ladepeche.mr\/index.php?rest_route=\/wp\/v2\/users\/2"}],"replies":[{"embeddable":true,"href":"https:\/\/ladepeche.mr\/index.php?rest_route=%2Fwp%2Fv2%2Fcomments&post=10351"}],"version-history":[{"count":1,"href":"https:\/\/ladepeche.mr\/index.php?rest_route=\/wp\/v2\/posts\/10351\/revisions"}],"predecessor-version":[{"id":10353,"href":"https:\/\/ladepeche.mr\/index.php?rest_route=\/wp\/v2\/posts\/10351\/revisions\/10353"}],"wp:featuredmedia":[{"embeddable":true,"href":"https:\/\/ladepeche.mr\/index.php?rest_route=\/wp\/v2\/media\/10352"}],"wp:attachment":[{"href":"https:\/\/ladepeche.mr\/index.php?rest_route=%2Fwp%2Fv2%2Fmedia&parent=10351"}],"wp:term":[{"taxonomy":"category","embeddable":true,"href":"https:\/\/ladepeche.mr\/index.php?rest_route=%2Fwp%2Fv2%2Fcategories&post=10351"},{"taxonomy":"post_tag","embeddable":true,"href":"https:\/\/ladepeche.mr\/index.php?rest_route=%2Fwp%2Fv2%2Ftags&post=10351"}],"curies":[{"name":"wp","href":"https:\/\/api.w.org\/{rel}","templated":true}]}}