{"id":10358,"date":"2024-07-24T10:43:29","date_gmt":"2024-07-24T10:43:29","guid":{"rendered":"https:\/\/ladepeche.mr\/?p=10358"},"modified":"2024-07-24T10:43:29","modified_gmt":"2024-07-24T10:43:29","slug":"la-chine-se-pose-en-mediatrice-entre-le-hamas-et-le-fatah-palestiniens","status":"publish","type":"post","link":"https:\/\/ladepeche.mr\/?p=10358","title":{"rendered":"La Chine se pose en m\u00e9diatrice entre le Hamas et le Fatah palestiniens"},"content":{"rendered":"<p>Les deux partis ennemis ont sign\u00e9, mardi \u00e0 P\u00e9kin, une d\u00e9claration d\u2019intention en faveur d\u2019une r\u00e9conciliation. La Chine estime que le r\u00f4le du Hamas ne pourra \u00eatre ignor\u00e9 dans l\u2019apr\u00e8s-guerre<\/p>\n<p>Vous pouvez partager un article en cliquant sur les ic\u00f4nes de partage en haut \u00e0 droite de celui-ci.<br \/>\nLa reproduction totale ou partielle d\u2019un article, sans l\u2019autorisation \u00e9crite et pr\u00e9alable du Monde, est strictement interdite.<br \/>\nPour plus d\u2019informations, consultez nos conditions g\u00e9n\u00e9rales de vente.<br \/>\nPour toute demande d\u2019autorisation, contactez syndication@lemonde.fr.<br \/>\nEn tant qu\u2019abonn\u00e9, vous pouvez offrir jusqu\u2019\u00e0 cinq articles par mois \u00e0 l\u2019un de vos proches gr\u00e2ce \u00e0 la fonctionnalit\u00e9 \u00ab Offrir un article \u00bb. <\/p>\n<p>https:\/\/www.lemonde.fr\/international\/article\/2024\/07\/23\/la-chine-se-pose-en-mediatrice-entre-le-hamas-et-le-fatah-palestiniens_6256435_3210.html<\/p>\n<p>La Chine n\u2019a pas m\u00e9nag\u00e9 ses efforts pour obtenir, mardi 23\u00a0juillet, un texte commun du Hamas et du Fatah en faveur d\u2019une r\u00e9conciliation intrapalestinienne qui la pose en m\u00e9diatrice, sans toutefois r\u00e9gler les profonds contentieux entre eux. Les deux partis ennemis, r\u00e9unis avec les principales factions palestiniennes \u2013\u00a0soit quatorze\u00a0groupes au total\u00a0\u2013, dans la capitale chinoise depuis dimanche, ont sign\u00e9 \u00e0 la r\u00e9sidence des h\u00f4tes d\u2019Etat Diaoyutai, autour du ministre des affaires \u00e9trang\u00e8res chinois, Wang Yi, une commune \u00ab\u00a0d\u00e9claration pour en finir avec la division et renforcer l\u2019unit\u00e9 nationale palestinienne\u00a0\u00bb.<\/p>\n<p>Alors que le conflit \u00e0 Gaza est entr\u00e9 dans son dixi\u00e8me mois, la d\u00e9claration pr\u00e9voit, selon la partie chinoise, la cr\u00e9ation d\u2019un \u00ab\u00a0gouvernement int\u00e9rimaire de r\u00e9conciliation nationale\u00a0\u00bb, qui devra se focaliser sur la reconstruction de l\u2019enclave apr\u00e8s la guerre. Aucun calendrier ni d\u00e9tail ne sont avanc\u00e9s. \u00ab\u00a0La cl\u00e9 de la r\u00e9conciliation palestinienne est de renforcer la confiance, de rester dans la bonne direction, et de faire des progr\u00e8s par \u00e9tapes\u00a0\u00bb, a justifi\u00e9 M.\u00a0Wang.<\/p>\n<p>Lire la suite sur https:\/\/www.lemonde.fr\/international\/article\/2024\/07\/23\/la-chine-se-pose-en-mediatrice-entre-le-hamas-et-le-fatah-palestiniens_6256435_3210.html<\/p>\n","protected":false},"excerpt":{"rendered":"<p>Les deux partis ennemis ont sign\u00e9, mardi \u00e0 P\u00e9kin, une d\u00e9claration d\u2019intention en faveur d\u2019une r\u00e9conciliation. La Chine estime que le r\u00f4le du Hamas ne pourra \u00eatre ignor\u00e9 dans l\u2019apr\u00e8s-guerre Vous pouvez partager un article en cliquant sur les ic\u00f4nes de partage en haut \u00e0 droite de celui-ci. La reproduction totale ou partielle d\u2019un article, &hellip;<\/p>\n","protected":false},"author":2,"featured_media":10359,"comment_status":"open","ping_status":"open","sticky":false,"template":"","format":"standard","meta":{"footnotes":""},"categories":[18,29],"tags":[],"class_list":["post-10358","post","type-post","status-publish","format-standard","has-post-thumbnail","hentry","category-actualites","category-monde"],"_links":{"self":[{"href":"https:\/\/ladepeche.mr\/index.php?rest_route=\/wp\/v2\/posts\/10358","targetHints":{"allow":["GET"]}}],"collection":[{"href":"https:\/\/ladepeche.mr\/index.php?rest_route=\/wp\/v2\/posts"}],"about":[{"href":"https:\/\/ladepeche.mr\/index.php?rest_route=\/wp\/v2\/types\/post"}],"author":[{"embeddable":true,"href":"https:\/\/ladepeche.mr\/index.php?rest_route=\/wp\/v2\/users\/2"}],"replies":[{"embeddable":true,"href":"https:\/\/ladepeche.mr\/index.php?rest_route=%2Fwp%2Fv2%2Fcomments&post=10358"}],"version-history":[{"count":1,"href":"https:\/\/ladepeche.mr\/index.php?rest_route=\/wp\/v2\/posts\/10358\/revisions"}],"predecessor-version":[{"id":10360,"href":"https:\/\/ladepeche.mr\/index.php?rest_route=\/wp\/v2\/posts\/10358\/revisions\/10360"}],"wp:featuredmedia":[{"embeddable":true,"href":"https:\/\/ladepeche.mr\/index.php?rest_route=\/wp\/v2\/media\/10359"}],"wp:attachment":[{"href":"https:\/\/ladepeche.mr\/index.php?rest_route=%2Fwp%2Fv2%2Fmedia&parent=10358"}],"wp:term":[{"taxonomy":"category","embeddable":true,"href":"https:\/\/ladepeche.mr\/index.php?rest_route=%2Fwp%2Fv2%2Fcategories&post=10358"},{"taxonomy":"post_tag","embeddable":true,"href":"https:\/\/ladepeche.mr\/index.php?rest_route=%2Fwp%2Fv2%2Ftags&post=10358"}],"curies":[{"name":"wp","href":"https:\/\/api.w.org\/{rel}","templated":true}]}}