{"id":10364,"date":"2024-07-25T12:13:38","date_gmt":"2024-07-25T12:13:38","guid":{"rendered":"https:\/\/ladepeche.mr\/?p=10364"},"modified":"2024-07-25T12:13:38","modified_gmt":"2024-07-25T12:13:38","slug":"le-president-de-la-republique-president-de-lua-se-rend-a-paris-pour-assister-a-louverture-des-jeux-olympiques","status":"publish","type":"post","link":"https:\/\/ladepeche.mr\/?p=10364","title":{"rendered":"Le Pr\u00e9sident de la R\u00e9publique Pr\u00e9sident de l\u2019UA se rend \u00e0 Paris pour assister \u00e0 l\u2019ouverture des Jeux Olympiques"},"content":{"rendered":"<p>Son Excellence le Pr\u00e9sident de la R\u00e9publique, Pr\u00e9sident \u00e9lu M. Mohamed Ould Cheikh El Ghazouani, Pr\u00e9sident en exercice de l\u2019Union Africaine, a quitt\u00e9 Nouakchott mercredi \u00e0 destination de Paris (France), pour assister \u00e0 l\u2019ouverture des Jeux Olympiques.<\/p>\n<p>Le Pr\u00e9sident de la R\u00e9publique a \u00e9t\u00e9 salu\u00e9 \u00e0 l\u2019a\u00e9roport international de Nouakchott par le Premier ministre Mohamed Ould Bilal Messoud, le secr\u00e9taire g\u00e9n\u00e9ral de la Pr\u00e9sidence de la R\u00e9publique, les deux ministres conseillers de la Pr\u00e9sidence de la R\u00e9publique, plusieurs membres du gouvernement, le chef d\u2019Etat major particulier du Pr\u00e9sident de la R\u00e9publique, la directrice adjointe de cabinet du Pr\u00e9sident de la R\u00e9publique, le wali de Nouakchott- Ouest et le vice-pr\u00e9sident de la R\u00e9gion de Nouakchott.<\/p>\n<p>Le Pr\u00e9sident de la R\u00e9publique est accompagn\u00e9 d\u2019une importante d\u00e9l\u00e9gation comprenant MM :<\/p>\n<p>\u2013 Mokhtar Ould Diay, ministre charg\u00e9 de la Pr\u00e9sidence de la R\u00e9publique.<\/p>\n<p>\u2013 Ahmed Ould Sid Ahmed Ould Di\u00e9, ministre de la Culture, de la Jeunesse, des Sports et des Relations avec le Parlement.<\/p>\n<p>\u2013 Mohamed Yahia Ould Teiss, ambassadeur de notre pays \u00e0 Paris.<\/p>\n<p>\u2013 Mohamed Lemine Ould Aboye Ould Cheikh Hadrami, conseiller \u00e0 la Pr\u00e9sidence de la R\u00e9publique.<\/p>\n<p>\u2013 Tah Ould Ahmed Mahmoud, conseiller \u00e0 la Pr\u00e9sidence de la R\u00e9publique.<\/p>\n<p>\u2013 El Hassan Ould Ahmed, directeur g\u00e9n\u00e9ral du Protocole d\u2019Etat.<\/p>\n<p>\u2013 Mohamed Zeine El Abidine Ould Cheikh Ahmed, pr\u00e9sident de l\u2019Union nationale du patronat mauritanien.<\/p>\n","protected":false},"excerpt":{"rendered":"<p>Son Excellence le Pr\u00e9sident de la R\u00e9publique, Pr\u00e9sident \u00e9lu M. Mohamed Ould Cheikh El Ghazouani, Pr\u00e9sident en exercice de l\u2019Union Africaine, a quitt\u00e9 Nouakchott mercredi \u00e0 destination de Paris (France), pour assister \u00e0 l\u2019ouverture des Jeux Olympiques. Le Pr\u00e9sident de la R\u00e9publique a \u00e9t\u00e9 salu\u00e9 \u00e0 l\u2019a\u00e9roport international de Nouakchott par le Premier ministre Mohamed &hellip;<\/p>\n","protected":false},"author":2,"featured_media":10365,"comment_status":"open","ping_status":"open","sticky":false,"template":"","format":"standard","meta":{"footnotes":""},"categories":[18],"tags":[],"class_list":["post-10364","post","type-post","status-publish","format-standard","has-post-thumbnail","hentry","category-actualites"],"_links":{"self":[{"href":"https:\/\/ladepeche.mr\/index.php?rest_route=\/wp\/v2\/posts\/10364","targetHints":{"allow":["GET"]}}],"collection":[{"href":"https:\/\/ladepeche.mr\/index.php?rest_route=\/wp\/v2\/posts"}],"about":[{"href":"https:\/\/ladepeche.mr\/index.php?rest_route=\/wp\/v2\/types\/post"}],"author":[{"embeddable":true,"href":"https:\/\/ladepeche.mr\/index.php?rest_route=\/wp\/v2\/users\/2"}],"replies":[{"embeddable":true,"href":"https:\/\/ladepeche.mr\/index.php?rest_route=%2Fwp%2Fv2%2Fcomments&post=10364"}],"version-history":[{"count":1,"href":"https:\/\/ladepeche.mr\/index.php?rest_route=\/wp\/v2\/posts\/10364\/revisions"}],"predecessor-version":[{"id":10366,"href":"https:\/\/ladepeche.mr\/index.php?rest_route=\/wp\/v2\/posts\/10364\/revisions\/10366"}],"wp:featuredmedia":[{"embeddable":true,"href":"https:\/\/ladepeche.mr\/index.php?rest_route=\/wp\/v2\/media\/10365"}],"wp:attachment":[{"href":"https:\/\/ladepeche.mr\/index.php?rest_route=%2Fwp%2Fv2%2Fmedia&parent=10364"}],"wp:term":[{"taxonomy":"category","embeddable":true,"href":"https:\/\/ladepeche.mr\/index.php?rest_route=%2Fwp%2Fv2%2Fcategories&post=10364"},{"taxonomy":"post_tag","embeddable":true,"href":"https:\/\/ladepeche.mr\/index.php?rest_route=%2Fwp%2Fv2%2Ftags&post=10364"}],"curies":[{"name":"wp","href":"https:\/\/api.w.org\/{rel}","templated":true}]}}