{"id":10367,"date":"2024-07-25T13:16:28","date_gmt":"2024-07-25T13:16:28","guid":{"rendered":"https:\/\/ladepeche.mr\/?p=10367"},"modified":"2024-07-25T12:17:24","modified_gmt":"2024-07-25T12:17:24","slug":"lassemblee-nationale-elit-ses-vice-presidents-son-questeur-et-ses-secretaires","status":"publish","type":"post","link":"https:\/\/ladepeche.mr\/?p=10367","title":{"rendered":"L\u2019Assembl\u00e9e nationale \u00e9lit ses vice-pr\u00e9sidents, son questeur et ses secr\u00e9taires"},"content":{"rendered":"<p>L\u2019Assembl\u00e9e nationale a \u00e9lu, au cours d\u2019une s\u00e9ance publique tenue mercredi, sous la pr\u00e9sidence de M. Mohamed Bembe Meguett, son pr\u00e9sident, ses vice-pr\u00e9sidents, ses secr\u00e9taires et son contr\u00f4leur financier.<\/p>\n<p>Cette \u00e9lection s\u2019inscrit dans le cadre du renouvellement p\u00e9riodique des organes internes de l\u2019Assembl\u00e9e.<\/p>\n<p>La composition est la suivante :<\/p>\n<p>Vice-pr\u00e9sidents :<\/p>\n<p>Premier vice-pr\u00e9sident : Sydney Draman Soukhna, parti Insaf.<\/p>\n<p>Deuxi\u00e8me vice-pr\u00e9sident : Ahmedou Mohamed Mahfoudh M\u2019Balla, parti Tawassoul.<\/p>\n<p>Troisi\u00e8me vice-pr\u00e9sident : Al Hassan Cheikh Baha, Groupe Al Amana.<\/p>\n<p>Quatri\u00e8me vice-pr\u00e9sident : Ghelzyouh Aman Lahdhana, Parti Insaf.<\/p>\n<p>Cinqui\u00e8me vice-pr\u00e9sident : Mohamed Vih El Baraka Bah, parti Insaf.<\/p>\n<p>Questeur de l\u2019Assembl\u00e9e nationale : Babah Cheikhna Ahmed Babou, parti Insaf.<\/p>\n<p>Secr\u00e9taires de l\u2019Assembl\u00e9e :<\/p>\n<p>\u2013 Premier secr\u00e9taire : Lemrabott Mohamed Mohamed, Insaf.<\/p>\n<p>\u2013 Deuxi\u00e8me secr\u00e9taire : Saadani Mohamed Khaitour, Insaf.<\/p>\n<p>Troisi\u00e8me secr\u00e9taire : Khalidou Samba Sow, Alliance pour la justice et la d\u00e9mocratie \/ Mouvement du renouveau.<\/p>\n<p>\u2013 Quatri\u00e8me secr\u00e9taire : Mohamed Mokhtar Sghair M\u2019Bareck, Insaf.<\/p>\n<p>\u2013 Cinqui\u00e8me secr\u00e9taire : Nouha Ammar Abidine Sidi, Insaf.<\/p>\n<p>Ami<\/p>\n","protected":false},"excerpt":{"rendered":"<p>L\u2019Assembl\u00e9e nationale a \u00e9lu, au cours d\u2019une s\u00e9ance publique tenue mercredi, sous la pr\u00e9sidence de M. Mohamed Bembe Meguett, son pr\u00e9sident, ses vice-pr\u00e9sidents, ses secr\u00e9taires et son contr\u00f4leur financier. Cette \u00e9lection s\u2019inscrit dans le cadre du renouvellement p\u00e9riodique des organes internes de l\u2019Assembl\u00e9e. La composition est la suivante : Vice-pr\u00e9sidents : Premier vice-pr\u00e9sident : Sydney &hellip;<\/p>\n","protected":false},"author":2,"featured_media":5960,"comment_status":"open","ping_status":"open","sticky":false,"template":"","format":"standard","meta":{"footnotes":""},"categories":[18],"tags":[],"class_list":["post-10367","post","type-post","status-publish","format-standard","has-post-thumbnail","hentry","category-actualites"],"_links":{"self":[{"href":"https:\/\/ladepeche.mr\/index.php?rest_route=\/wp\/v2\/posts\/10367","targetHints":{"allow":["GET"]}}],"collection":[{"href":"https:\/\/ladepeche.mr\/index.php?rest_route=\/wp\/v2\/posts"}],"about":[{"href":"https:\/\/ladepeche.mr\/index.php?rest_route=\/wp\/v2\/types\/post"}],"author":[{"embeddable":true,"href":"https:\/\/ladepeche.mr\/index.php?rest_route=\/wp\/v2\/users\/2"}],"replies":[{"embeddable":true,"href":"https:\/\/ladepeche.mr\/index.php?rest_route=%2Fwp%2Fv2%2Fcomments&post=10367"}],"version-history":[{"count":1,"href":"https:\/\/ladepeche.mr\/index.php?rest_route=\/wp\/v2\/posts\/10367\/revisions"}],"predecessor-version":[{"id":10368,"href":"https:\/\/ladepeche.mr\/index.php?rest_route=\/wp\/v2\/posts\/10367\/revisions\/10368"}],"wp:featuredmedia":[{"embeddable":true,"href":"https:\/\/ladepeche.mr\/index.php?rest_route=\/wp\/v2\/media\/5960"}],"wp:attachment":[{"href":"https:\/\/ladepeche.mr\/index.php?rest_route=%2Fwp%2Fv2%2Fmedia&parent=10367"}],"wp:term":[{"taxonomy":"category","embeddable":true,"href":"https:\/\/ladepeche.mr\/index.php?rest_route=%2Fwp%2Fv2%2Fcategories&post=10367"},{"taxonomy":"post_tag","embeddable":true,"href":"https:\/\/ladepeche.mr\/index.php?rest_route=%2Fwp%2Fv2%2Ftags&post=10367"}],"curies":[{"name":"wp","href":"https:\/\/api.w.org\/{rel}","templated":true}]}}