{"id":10371,"date":"2024-07-26T10:40:04","date_gmt":"2024-07-26T10:40:04","guid":{"rendered":"https:\/\/ladepeche.mr\/?p=10371"},"modified":"2024-07-26T10:40:04","modified_gmt":"2024-07-26T10:40:04","slug":"tout-retard-est-prejudiciable-a-sa-sante-la-defense-reclame-levacuation-en-france-de-lancien-president-ould-abdel-aziz","status":"publish","type":"post","link":"https:\/\/ladepeche.mr\/?p=10371","title":{"rendered":"\u00abTout retard est pr\u00e9judiciable \u00e0 sa sant\u00e9\u00bb, la d\u00e9fense r\u00e9clame l\u2019\u00e9vacuation en France de l\u2019ancien pr\u00e9sident Ould Abdel Aziz"},"content":{"rendered":"<p>Mohamed Ould Abdel Aziz, ancien pr\u00e9sident mauritanien (2009-2019) d\u00e9tenu depuis pr\u00e8s de 2 ans, est malade et doit \u00eatre \u00e9vacu\u00e9 en urgence \u00e0 l\u2019\u00e9tranger, car \u00abson \u00e9tat de sant\u00e9 impose un bilan et un suivi r\u00e9gulier\u00bb, selon ses avocats qui se r\u00e9f\u00e8rent \u00e0 un avis m\u00e9dical.<\/p>\n<p>Jug\u00e9 et condamn\u00e9 pour \u00abcorruption\u00bb et diverses autres infractions li\u00e9es \u00e0 sa d\u00e9cennie de gouvernance, condamnation contre laquelle il a fait appel, l\u2019ex-pr\u00e9sident mauritanien serait malade et n\u00e9cessiterait une \u00e9vacuation urgente vers la France.<\/p>\n<p>C\u2019est ce qu\u2019a alert\u00e9 le collectif des avocats de Mohamed Ould Abdel Aziz qui s\u2019appuie sur un avis m\u00e9dical indiquant que \u00abson \u00e9tat de sant\u00e9 impose un bilan et un suivi r\u00e9gulier\u00bb.<\/p>\n<p>Raison pour laquelle, \u00abl\u2019ancien pr\u00e9sident est attendu en France, \u00e0 la clinique Val d\u2019Or par son \u00e9quipe soignante, dans les plus brefs d\u00e9lais et tout retard pourrait \u00eatre pr\u00e9judiciable \u00e0 sa sant\u00e9\u00bb, expliquent ses avocats.<\/p>\n<p>Ma\u00eetre Aliou Idrissa Y\u00e9ro Sow, avocat membre du collectif de la d\u00e9fense, dit avoir re\u00e7u une pi\u00e8ce frapp\u00e9e du sceau de l\u2019urgence, recommandant l\u2019\u00e9vacuation de son client vers la France. Sur cette base, le collectif des avocats de la d\u00e9fense a saisi les autorit\u00e9s judiciaires et p\u00e9nitentiaires, \u00abpar les voix de droit appropri\u00e9es et attend leur r\u00e9action\u00bb. Le d\u00e9fenseur plaide en faveur d\u2019une d\u00e9cision rapide pour pr\u00e9server le droit \u00e0 la sant\u00e9 de son client.<\/p>\n<p>Toutefois, dans le contexte politique actuel, marqu\u00e9 par l\u2019appel au boycott de l\u2019\u00e9lection pr\u00e9sidentielle lanc\u00e9 par les proches de l\u2019ancien pr\u00e9sident et l\u2019arrestation de certains d\u2019entre eux \u00e0 la veille du scrutin, le gouvernement semble prendre tout son temps avant de faire conna\u00eetre sa r\u00e9ponse.<br \/>\nLe360.ma<\/p>\n","protected":false},"excerpt":{"rendered":"<p>Mohamed Ould Abdel Aziz, ancien pr\u00e9sident mauritanien (2009-2019) d\u00e9tenu depuis pr\u00e8s de 2 ans, est malade et doit \u00eatre \u00e9vacu\u00e9 en urgence \u00e0 l\u2019\u00e9tranger, car \u00abson \u00e9tat de sant\u00e9 impose un bilan et un suivi r\u00e9gulier\u00bb, selon ses avocats qui se r\u00e9f\u00e8rent \u00e0 un avis m\u00e9dical. Jug\u00e9 et condamn\u00e9 pour \u00abcorruption\u00bb et diverses autres infractions &hellip;<\/p>\n","protected":false},"author":2,"featured_media":10372,"comment_status":"open","ping_status":"open","sticky":false,"template":"","format":"standard","meta":{"footnotes":""},"categories":[18,31],"tags":[],"class_list":["post-10371","post","type-post","status-publish","format-standard","has-post-thumbnail","hentry","category-actualites","category-politique-et-reportages"],"_links":{"self":[{"href":"https:\/\/ladepeche.mr\/index.php?rest_route=\/wp\/v2\/posts\/10371","targetHints":{"allow":["GET"]}}],"collection":[{"href":"https:\/\/ladepeche.mr\/index.php?rest_route=\/wp\/v2\/posts"}],"about":[{"href":"https:\/\/ladepeche.mr\/index.php?rest_route=\/wp\/v2\/types\/post"}],"author":[{"embeddable":true,"href":"https:\/\/ladepeche.mr\/index.php?rest_route=\/wp\/v2\/users\/2"}],"replies":[{"embeddable":true,"href":"https:\/\/ladepeche.mr\/index.php?rest_route=%2Fwp%2Fv2%2Fcomments&post=10371"}],"version-history":[{"count":1,"href":"https:\/\/ladepeche.mr\/index.php?rest_route=\/wp\/v2\/posts\/10371\/revisions"}],"predecessor-version":[{"id":10373,"href":"https:\/\/ladepeche.mr\/index.php?rest_route=\/wp\/v2\/posts\/10371\/revisions\/10373"}],"wp:featuredmedia":[{"embeddable":true,"href":"https:\/\/ladepeche.mr\/index.php?rest_route=\/wp\/v2\/media\/10372"}],"wp:attachment":[{"href":"https:\/\/ladepeche.mr\/index.php?rest_route=%2Fwp%2Fv2%2Fmedia&parent=10371"}],"wp:term":[{"taxonomy":"category","embeddable":true,"href":"https:\/\/ladepeche.mr\/index.php?rest_route=%2Fwp%2Fv2%2Fcategories&post=10371"},{"taxonomy":"post_tag","embeddable":true,"href":"https:\/\/ladepeche.mr\/index.php?rest_route=%2Fwp%2Fv2%2Ftags&post=10371"}],"curies":[{"name":"wp","href":"https:\/\/api.w.org\/{rel}","templated":true}]}}