{"id":10384,"date":"2024-07-29T10:36:58","date_gmt":"2024-07-29T10:36:58","guid":{"rendered":"https:\/\/ladepeche.mr\/?p=10384"},"modified":"2024-07-29T10:36:58","modified_gmt":"2024-07-29T10:36:58","slug":"mali-lourdes-pertes-pour-larmee-et-ses-allies-russes-lors-de-combats-face-aux-rebelles-du-csp","status":"publish","type":"post","link":"https:\/\/ladepeche.mr\/?p=10384","title":{"rendered":"Mali: lourdes pertes pour l&#8217;arm\u00e9e et ses alli\u00e9s russes lors de combats face aux rebelles du CSP"},"content":{"rendered":"<p class=\"t-content__chapo\">La localit\u00e9 de Tinzaouat\u00e8ne est l&#8217;\u00e9picentre d&#8217;affrontements depuis jeudi 25 juillet entre les rebelles du Cadre strat\u00e9gique et permanent (CSP) et l&#8217;arm\u00e9e malienne fortement appuy\u00e9e par les mercenaires russes. Les deux derni\u00e8res forces crient victoire mais elles ont en r\u00e9alit\u00e9 subi des revers et des pertes importantes, selon plusieurs sources.<\/p>\n<div class=\"t-content__dates t-content__dates--reading-time\">\n<p>Ce dimanche 28 juillet, le calme r\u00e9gnait sur le terrain, \u00e0 Tinzaouat\u00e8ne et ses environs alors que depuis jeudi des affrontements d&#8217;une violente intensit\u00e9 secoue la r\u00e9gion. Dans un communiqu\u00e9, l&#8217;<a href=\"https:\/\/www.rfi.fr\/fr\/afrique\/20240726-mali-combats-entre-l-arm%C3%A9e-et-les-rebelles-du-csp-pr%C3%A8s-de-tinzaouat%C3%A8ne\" target=\"_self\" rel=\"noopener\">arm\u00e9e malienne<\/a>, a affirm\u00e9 avoir repouss\u00e9 des rebelles et tu\u00e9 plus de 20 combattants. De leur c\u00f4t\u00e9, dans un communiqu\u00e9, les rebelles du Cadre strat\u00e9gique et permanent (CSP) \u00e9voquent sept morts et douze bless\u00e9s dans leur rang.<\/p>\n<p>Les rebelles ont notamment revendiqu\u00e9 \u00ab une victoire \u00e9clatant \u00bb. \u00ab\u00a0<em>Nos forces ont d\u00e9finitivement an\u00e9anti les colonnes ennemies\u00a0<\/em>\u00bb, poursuite le communiqu\u00e9.\u00a0\u00ab\u00a0<em>Les rares survivants des rangs des Forces maliennes et de la milice Wagner ont \u00e9t\u00e9 faits prisonniers<\/em>\u00a0\u00bb, ajoute Mohamed El Maouloud Ramadane, porte-parole du CSP, d\u00e9mentant ainsi les informations selon lesquelles les mercenaires russes et les militaires maliens sont repartis du th\u00e9\u00e2tre des op\u00e9rations en vainqueur. Les rebelles du CSP s\u2019engagent \u00e0 publier prochainement un bilan d\u00e9taill\u00e9 des victimes.<\/p>\n<p>Des sources ind\u00e9pendantes confirment que les forces en face des rebelles du CSP ont bel et bien subi un revers avec de lourdes pertes, sans toutefois donner de bilan pr\u00e9cis. C&#8217;est quasiment la premi\u00e8re fois que le groupe paramilitaire russe perd autant d\u2019hommes lors d\u2019un combat sur le territoire malien. Les forces arm\u00e9es maliennes affirment de leur c\u00f4t\u00e9 qu&#8217;elles ont volontairement quitt\u00e9 le secteur de Tinzaouat\u00e8ne apr\u00e8s trois jours d&#8217;affrontements. Outre le bilan humain, du mat\u00e9riel militaire a \u00e9t\u00e9 d\u00e9truit ou pris par les rebelles.<\/p>\n<h2>L&#8217;image des mercenaires russes \u00e9corn\u00e9e<\/h2>\n<p>Lorsque les mercenaires du groupe paramilitaire russe Wagner ont d\u00e9barqu\u00e9 pour la premi\u00e8re fois au Mali en d\u00e9cembre 2021, ils repr\u00e9sentaient, pour la junte malienne, la solution \u00e0 ses probl\u00e8mes s\u00e9curitaires. Les mercenaires russes ont impressionn\u00e9 dans un premier temps dans le centre du pays. Dans des villages ou dans les foires, ils ont proc\u00e9d\u00e9s \u00e0 des fouilles avec du mat\u00e9riel sophistiqu\u00e9, r\u00e9ussissant notamment \u00e0 saisir des armes de guerre.<\/p>\n<p>Il y a eu ensuite des accusations d&#8217;exactions contre les civils, vite d\u00e9menties. Au Mali, l&#8217;heure de gloire des mercenaires russes aura \u00e9t\u00e9 la prise de la localit\u00e9 de Kidal, des mains des rebelles, en novembre 2023, et l&#8217;installation de leur drapeau sur le fort de la ville. Aujourd&#8217;hui, le revers subi \u00e0 Tinzaouat\u00e8ne est d&#8217;abord l&#8217;\u00e9chec de Wagner et montre les limites du groupe. C&#8217;est aussi un peu la fin d&#8217;un mythe. Plusieurs combattants de la soci\u00e9t\u00e9 paramilitaire russe ont \u00e9t\u00e9 tu\u00e9s par les rebelles du CSP au cours des combats. Parmi eux figureraient d&#8217;importantes personnalit\u00e9s du groupe. D&#8217;autres mercenaires ont \u00e9t\u00e9 faits prisonniers.<\/p>\n<p>RFI<\/p>\n<\/div>\n","protected":false},"excerpt":{"rendered":"<p>La localit\u00e9 de Tinzaouat\u00e8ne est l&#8217;\u00e9picentre d&#8217;affrontements depuis jeudi 25 juillet entre les rebelles du Cadre strat\u00e9gique et permanent (CSP) et l&#8217;arm\u00e9e malienne fortement appuy\u00e9e par les mercenaires russes. Les deux derni\u00e8res forces crient victoire mais elles ont en r\u00e9alit\u00e9 subi des revers et des pertes importantes, selon plusieurs sources. Ce dimanche 28 juillet, le &hellip;<\/p>\n","protected":false},"author":2,"featured_media":10385,"comment_status":"open","ping_status":"open","sticky":false,"template":"","format":"standard","meta":{"footnotes":""},"categories":[18,28],"tags":[],"class_list":["post-10384","post","type-post","status-publish","format-standard","has-post-thumbnail","hentry","category-actualites","category-sahel"],"_links":{"self":[{"href":"https:\/\/ladepeche.mr\/index.php?rest_route=\/wp\/v2\/posts\/10384","targetHints":{"allow":["GET"]}}],"collection":[{"href":"https:\/\/ladepeche.mr\/index.php?rest_route=\/wp\/v2\/posts"}],"about":[{"href":"https:\/\/ladepeche.mr\/index.php?rest_route=\/wp\/v2\/types\/post"}],"author":[{"embeddable":true,"href":"https:\/\/ladepeche.mr\/index.php?rest_route=\/wp\/v2\/users\/2"}],"replies":[{"embeddable":true,"href":"https:\/\/ladepeche.mr\/index.php?rest_route=%2Fwp%2Fv2%2Fcomments&post=10384"}],"version-history":[{"count":1,"href":"https:\/\/ladepeche.mr\/index.php?rest_route=\/wp\/v2\/posts\/10384\/revisions"}],"predecessor-version":[{"id":10386,"href":"https:\/\/ladepeche.mr\/index.php?rest_route=\/wp\/v2\/posts\/10384\/revisions\/10386"}],"wp:featuredmedia":[{"embeddable":true,"href":"https:\/\/ladepeche.mr\/index.php?rest_route=\/wp\/v2\/media\/10385"}],"wp:attachment":[{"href":"https:\/\/ladepeche.mr\/index.php?rest_route=%2Fwp%2Fv2%2Fmedia&parent=10384"}],"wp:term":[{"taxonomy":"category","embeddable":true,"href":"https:\/\/ladepeche.mr\/index.php?rest_route=%2Fwp%2Fv2%2Fcategories&post=10384"},{"taxonomy":"post_tag","embeddable":true,"href":"https:\/\/ladepeche.mr\/index.php?rest_route=%2Fwp%2Fv2%2Ftags&post=10384"}],"curies":[{"name":"wp","href":"https:\/\/api.w.org\/{rel}","templated":true}]}}