{"id":10387,"date":"2024-07-29T10:50:03","date_gmt":"2024-07-29T10:50:03","guid":{"rendered":"https:\/\/ladepeche.mr\/?p=10387"},"modified":"2024-07-29T10:51:50","modified_gmt":"2024-07-29T10:51:50","slug":"que-cache-letrange-forme-concentrique-de-loeil-de-lafrique","status":"publish","type":"post","link":"https:\/\/ladepeche.mr\/?p=10387","title":{"rendered":"Que cache l\u2019\u00e9trange forme concentrique de \u00ab l\u2019\u0153il de l\u2019Afrique\u00bb?"},"content":{"rendered":"<p><strong><em>Depuis des d\u00e9cennies, la structure de Richat en Mauritanie, surnomm\u00e9e \u00ab l\u2019\u0153il de l\u2019Afrique \u00bb, questionne. Une\u00a0\u00e9tude apporte de nouvelles donn\u00e9es chronologiques et g\u00e9ochimiques, notamment sur les gabbros, de cette formation g\u00e9ologique c\u00e9l\u00e8bre, visible depuis l\u2019espace.<\/em><\/strong><\/p>\n<div class=\"code-block code-block-4\">\n<p>Consid\u00e9r\u00e9e par Platon comme l\u2019emplacement de\u00a0l\u2019Atlantide\u00a0ou par certains comme une cit\u00e9 extraterrestre, la structure de Richat en Mauritanie est l\u2019une des formations g\u00e9ologiques terrestres les plus visibles depuis l\u2019espace. Sa forme concentrique intrigante et spectaculaire lui a valu le surnom \u00ab\u00a0d\u2019<span class=\"tooltip__TooltipBoxWrapper-sc-6usjli-0 iqWaqb\"><span class=\"wrappers__Span-sc-13rs60f-1 eEGdAN\" aria-expanded=\"false\">\u0153il<\/span><\/span>\u00a0de l\u2019Afrique\u00a0\u00bb. Sa forme et sa composition restaient \u00e9nigmatiques pour les\u00a0g\u00e9ologues.<\/p>\n<p>L\u2019\u00e9tude de Gilles Chazot et Bernard Le Gall, tous les deux chercheurs au sein du laboratoire\u00a0G\u00e9o-Oc\u00e9an,\u00a0a ainsi pour objectif de retracer l\u2019histoire de la formation de la structure de Richat \u00e0 partir de donn\u00e9es chronologiques et g\u00e9ochimiques. Les analyses ont port\u00e9 sur diff\u00e9rentes formations g\u00e9ologiques qui composent la structure de Richat, et notamment les gabbros, une\u00a0des roches\u00a0principales qui composent la cro\u00fbte terrestre. Ces roches magmatiques sont form\u00e9es lors du refroidissement de magma suite \u00e0 une \u00e9ruption volcanique.<\/p>\n<h2 id=\"une-formation-en-deux-temps\"><strong>Une formation en deux temps<\/strong><\/h2>\n<p>Les chercheurs\u00a0ont utilis\u00e9 la datation\u00a040Ar\/39Ar\u00a0des plagioclases, un\u00a0<span class=\"tooltip__TooltipBoxWrapper-sc-6usjli-0 iqWaqb\"><span class=\"wrappers__Span-sc-13rs60f-1 eEGdAN\" aria-expanded=\"false\">min\u00e9ral<\/span><\/span>\u00a0contenu dans les gabbros, pour dater\u00a0les roches. Les analyses ne permettent pas de donner d\u2019\u00e2ge pr\u00e9cis, mais sugg\u00e8rent que la structure de Richat s\u2019est form\u00e9e au cours de deux \u00e9pisodes distincts espac\u00e9s de 100 millions d\u2019ann\u00e9es.<\/p>\n<p>Le premier \u00e9pisode se situe au d\u00e9but du\u00a0<span class=\"tooltip__TooltipBoxWrapper-sc-6usjli-0 iqWaqb\"><span class=\"wrappers__Span-sc-13rs60f-1 eEGdAN\" aria-expanded=\"false\">Jurassique<\/span><\/span>, entre 230 et 200 millions d\u2019ann\u00e9es, soit \u00e0 la m\u00eame p\u00e9riode que la formation de la province magmatique centre Atlantique (ou Camp pour\u00a0<em>Central Atlantic Magmatic Province \u2013\u00a0<\/em>une vaste r\u00e9gion compos\u00e9e de\u00a0roches magmatiques\u00a0qui s\u2019\u00e9tend entre l\u2019Europe occidentale, la c\u00f4te ouest des \u00c9tats-Unis et du Canada, dans l\u2019ouest de l\u2019Afrique et au nord-est de l\u2019Am\u00e9rique latine)\u00a0et s\u2019exprime par l\u2019intrusion des gabbros dans des\u00a0roches s\u00e9dimentaires\u00a0plus anciennes. Les analyses montrent que la composition g\u00e9ochimique des gabbros correspond aux groupes chimiques les plus r\u00e9pandus dans la Camp.<\/p>\n<p>Dans un deuxi\u00e8me temps, de nouvelles roches magmatiques, dont des\u00a0<span class=\"tooltip__TooltipBoxWrapper-sc-6usjli-0 iqWaqb\"><span class=\"wrappers__Span-sc-13rs60f-1 eEGdAN\" aria-expanded=\"false\">carbonatites<\/span><\/span>, riches en\u00a0<span class=\"tooltip__TooltipBoxWrapper-sc-6usjli-0 iqWaqb\"><span class=\"wrappers__Span-sc-13rs60f-1 eEGdAN\" aria-expanded=\"false\">carbone<\/span><\/span>, et des roches\u00a0<span class=\"tooltip__TooltipBoxWrapper-sc-6usjli-0 iqWaqb\"><span class=\"wrappers__Span-sc-13rs60f-1 eEGdAN\" aria-expanded=\"false\">alcalines<\/span><\/span>, se sont mises en place en profondeur dans la structure avant de subir une \u00e9rosion importante. Cette suite d\u2019\u00e9v\u00e9nements a conduit au soul\u00e8vement et \u00e0 l\u2019\u00e9rosion de l\u2019ensemble de la structure et lui a donn\u00e9 la forme qu\u2019on lui conna\u00eet aujourd\u2019hui.<\/p>\n<p>meriem benzouina (lareleve.ma)<\/p>\n<\/div>\n","protected":false},"excerpt":{"rendered":"<p>Depuis des d\u00e9cennies, la structure de Richat en Mauritanie, surnomm\u00e9e \u00ab l\u2019\u0153il de l\u2019Afrique \u00bb, questionne. Une\u00a0\u00e9tude apporte de nouvelles donn\u00e9es chronologiques et g\u00e9ochimiques, notamment sur les gabbros, de cette formation g\u00e9ologique c\u00e9l\u00e8bre, visible depuis l\u2019espace. Consid\u00e9r\u00e9e par Platon comme l\u2019emplacement de\u00a0l\u2019Atlantide\u00a0ou par certains comme une cit\u00e9 extraterrestre, la structure de Richat en Mauritanie est &hellip;<\/p>\n","protected":false},"author":2,"featured_media":10388,"comment_status":"open","ping_status":"open","sticky":false,"template":"","format":"standard","meta":{"footnotes":""},"categories":[18,15],"tags":[],"class_list":["post-10387","post","type-post","status-publish","format-standard","has-post-thumbnail","hentry","category-actualites","category-culture"],"_links":{"self":[{"href":"https:\/\/ladepeche.mr\/index.php?rest_route=\/wp\/v2\/posts\/10387","targetHints":{"allow":["GET"]}}],"collection":[{"href":"https:\/\/ladepeche.mr\/index.php?rest_route=\/wp\/v2\/posts"}],"about":[{"href":"https:\/\/ladepeche.mr\/index.php?rest_route=\/wp\/v2\/types\/post"}],"author":[{"embeddable":true,"href":"https:\/\/ladepeche.mr\/index.php?rest_route=\/wp\/v2\/users\/2"}],"replies":[{"embeddable":true,"href":"https:\/\/ladepeche.mr\/index.php?rest_route=%2Fwp%2Fv2%2Fcomments&post=10387"}],"version-history":[{"count":3,"href":"https:\/\/ladepeche.mr\/index.php?rest_route=\/wp\/v2\/posts\/10387\/revisions"}],"predecessor-version":[{"id":10391,"href":"https:\/\/ladepeche.mr\/index.php?rest_route=\/wp\/v2\/posts\/10387\/revisions\/10391"}],"wp:featuredmedia":[{"embeddable":true,"href":"https:\/\/ladepeche.mr\/index.php?rest_route=\/wp\/v2\/media\/10388"}],"wp:attachment":[{"href":"https:\/\/ladepeche.mr\/index.php?rest_route=%2Fwp%2Fv2%2Fmedia&parent=10387"}],"wp:term":[{"taxonomy":"category","embeddable":true,"href":"https:\/\/ladepeche.mr\/index.php?rest_route=%2Fwp%2Fv2%2Fcategories&post=10387"},{"taxonomy":"post_tag","embeddable":true,"href":"https:\/\/ladepeche.mr\/index.php?rest_route=%2Fwp%2Fv2%2Ftags&post=10387"}],"curies":[{"name":"wp","href":"https:\/\/api.w.org\/{rel}","templated":true}]}}