{"id":10392,"date":"2024-07-30T13:03:37","date_gmt":"2024-07-30T13:03:37","guid":{"rendered":"https:\/\/ladepeche.mr\/?p=10392"},"modified":"2024-07-30T13:04:36","modified_gmt":"2024-07-30T13:04:36","slug":"97eme-anniversaire-de-larmee-populaire-de-liberation-chinoise-forte-delegation-du-gouvernement-mauritanien","status":"publish","type":"post","link":"https:\/\/ladepeche.mr\/?p=10392","title":{"rendered":"97\u00e8me anniversaire de l\u2019arm\u00e9e populaire de lib\u00e9ration chinoise\u00a0: Forte d\u00e9l\u00e9gation du gouvernement mauritanien"},"content":{"rendered":"<p style=\"background: white; margin: 0cm 0cm 11.25pt 0cm;\"><span style=\"font-family: 'Louguiya Bold',serif; color: black;\">Une forte d\u00e9l\u00e9gation du gouvernement et de l&#8217;Arm\u00e9e mauritaniens a pris part, lundi, \u00e0 Nouakchott, \u00e0 la c\u00e9r\u00e9monie de comm\u00e9moration du 97\u00e8me anniversaire de l\u2019arm\u00e9e populaire de lib\u00e9ration chinoise. <\/span><\/p>\n<p><span style=\"font-family: 'Louguiya Bold',serif; color: black;\">Lors de cette c\u00e9r\u00e9monie, organis\u00e9e par SEM. Li Baijin, l\u2019attach\u00e9 militaire \u00e0 l\u2019ambassade de la R\u00e9publique Populaire de Chine \u00e0 Nouakchott, M. Zhou Tao, cit\u00e9 par l\u2019AMI, \u00ab a lou\u00e9 la qualit\u00e9 de la coop\u00e9ration en mati\u00e8re de d\u00e9fense et de s\u00e9curit\u00e9 entre les deux pays amis \u00bb.<\/span><\/p>\n<p>Le gouvernement mauritanien \u00e9tait repr\u00e9sent\u00e9 \u00e0 cette c\u00e9r\u00e9monie par le ministre de la D\u00e9fense nationale, M. Hanena Ould Sidi \u00e0 la t\u00eate d\u2019une importante d\u00e9l\u00e9gation de l\u2019institution militaire conduite par le Contre-Amiral Ahmed Said Ben Aouf.<\/p>\n<p><span style=\"font-family: 'Louguiya Bold',serif; color: black;\">La c\u00e9r\u00e9monie organis\u00e9e se tient \u00e0 l&#8217;or\u00e9e de la c\u00e9l\u00e9bration par les deux pays du 59\u00e8me anniversaire de l\u2019\u00e9tablissement de leurs relations diplomatiques.<\/span><\/p>\n<p><span style=\"font-family: 'Louguiya Bold',serif; color: black;\">A rappeler que l\u2019Arm\u00e9e chinoise est la premi\u00e8re dans le monde, avant l\u2019Inde et les Usa, en termes d\u2019effectifs militaires d\u2019environ deux millions d\u2019individus. <\/span><\/p>\n","protected":false},"excerpt":{"rendered":"<p>Une forte d\u00e9l\u00e9gation du gouvernement et de l&#8217;Arm\u00e9e mauritaniens a pris part, lundi, \u00e0 Nouakchott, \u00e0 la c\u00e9r\u00e9monie de comm\u00e9moration du 97\u00e8me anniversaire de l\u2019arm\u00e9e populaire de lib\u00e9ration chinoise. Lors de cette c\u00e9r\u00e9monie, organis\u00e9e par SEM. Li Baijin, l\u2019attach\u00e9 militaire \u00e0 l\u2019ambassade de la R\u00e9publique Populaire de Chine \u00e0 Nouakchott, M. Zhou Tao, cit\u00e9 par &hellip;<\/p>\n","protected":false},"author":2,"featured_media":10393,"comment_status":"open","ping_status":"open","sticky":false,"template":"","format":"standard","meta":{"footnotes":""},"categories":[18],"tags":[],"class_list":["post-10392","post","type-post","status-publish","format-standard","has-post-thumbnail","hentry","category-actualites"],"_links":{"self":[{"href":"https:\/\/ladepeche.mr\/index.php?rest_route=\/wp\/v2\/posts\/10392","targetHints":{"allow":["GET"]}}],"collection":[{"href":"https:\/\/ladepeche.mr\/index.php?rest_route=\/wp\/v2\/posts"}],"about":[{"href":"https:\/\/ladepeche.mr\/index.php?rest_route=\/wp\/v2\/types\/post"}],"author":[{"embeddable":true,"href":"https:\/\/ladepeche.mr\/index.php?rest_route=\/wp\/v2\/users\/2"}],"replies":[{"embeddable":true,"href":"https:\/\/ladepeche.mr\/index.php?rest_route=%2Fwp%2Fv2%2Fcomments&post=10392"}],"version-history":[{"count":2,"href":"https:\/\/ladepeche.mr\/index.php?rest_route=\/wp\/v2\/posts\/10392\/revisions"}],"predecessor-version":[{"id":10395,"href":"https:\/\/ladepeche.mr\/index.php?rest_route=\/wp\/v2\/posts\/10392\/revisions\/10395"}],"wp:featuredmedia":[{"embeddable":true,"href":"https:\/\/ladepeche.mr\/index.php?rest_route=\/wp\/v2\/media\/10393"}],"wp:attachment":[{"href":"https:\/\/ladepeche.mr\/index.php?rest_route=%2Fwp%2Fv2%2Fmedia&parent=10392"}],"wp:term":[{"taxonomy":"category","embeddable":true,"href":"https:\/\/ladepeche.mr\/index.php?rest_route=%2Fwp%2Fv2%2Fcategories&post=10392"},{"taxonomy":"post_tag","embeddable":true,"href":"https:\/\/ladepeche.mr\/index.php?rest_route=%2Fwp%2Fv2%2Ftags&post=10392"}],"curies":[{"name":"wp","href":"https:\/\/api.w.org\/{rel}","templated":true}]}}