{"id":1040,"date":"2022-07-14T13:55:09","date_gmt":"2022-07-14T13:55:09","guid":{"rendered":"http:\/\/ladepeche.mr\/?p=1040"},"modified":"2022-07-14T13:55:09","modified_gmt":"2022-07-14T13:55:09","slug":"genre-coup-denvoi-des-activites-de-lobservatoire-national-des-droits-de-la-femme-et-de-la-fille","status":"publish","type":"post","link":"https:\/\/ladepeche.mr\/?p=1040","title":{"rendered":"Genre : Coup d\u2019envoi des activit\u00e9s de l\u2019Observatoire National des Droits de la Femme et de la Fille"},"content":{"rendered":"<p>Mme Mehla Ahmed Talebna a proc\u00e9d\u00e9 au lancement des activit\u00e9s de l\u2019Observatoire National des Droits de la Femme et de la Fille, ce vendredi 08 juillet 2022 au Palais des Congr\u00e8s de Nouakchott, devant une forte assistance marqu\u00e9e par la pr\u00e9sence effective de la ministre de l\u2019Action Sociale de l\u2019Enfance et de la Famille Mme Savia N\u2019Tatah, de la ministre de l\u2019Emploi et de la Formation Professionnelle Mme Lalya Kamara, de la ministre conseill\u00e8re \u00e0 la Pr\u00e9sidence Mme Naha Mint Mouknass, les \u00e9lus et autorit\u00e9s locales.<\/p>\n<p>Cet \u00e9v\u00e9nement d\u2019envergure s\u2019est d\u00e9roul\u00e9e sous le haut patronage de la premi\u00e8re dame, Dr Mariem Vadel Dah qui t\u00e9moigne ainsi de l\u2019importance de la place des femmes et des filles dans la soci\u00e9t\u00e9 mauritanienne.<\/p>\n<p>Dans son allocution de bienvenue, la pr\u00e9sidente de l\u2019ONDFF Mme Mehla Ahmed Talebna a salu\u00e9 la clairvoyance du pr\u00e9sident de la r\u00e9publique SE Mohamed Cheikh El Ghazouani pour la mise en place -une premi\u00e8re dans l\u2019histoire du pays- de cet Observatoire qui veillera \u00e0 \u00e9valuer la situation des femmes tout en formulant des recommandations.<\/p>\n<p>Et la pr\u00e9sidente de poursuivre que cette c\u00e9r\u00e9monie relative au lancement des activit\u00e9s de l\u2019ONDFF constitue un acquis pr\u00e9cieux pour les femmes et les filles de Mauritanie, en prenant soin de leurs int\u00e9r\u00eats, en d\u00e9fendant leurs droits, et en favorisant leur participation dans les cercles de d\u00e9cisions \u00e9conomiques et politico-administratives.<\/p>\n<p>Dans son allocution, la ministre de l\u2019Action Sociale Mme Savia N\u2019Tatah a soutenu que la protection et la promotion des couches les plus d\u00e9munies de la soci\u00e9t\u00e9, en particulier les femmes et les filles, occupent une place de choix dans la vision du pr\u00e9sident de la R\u00e9publique.<\/p>\n<p>Par ailleurs, elle a affirm\u00e9 que la mise en place de ce nouveau m\u00e9canisme s\u2019ajoute aux m\u00e9canismes d\u00e9j\u00e0 existants de protection et de promotion des droits des femmes, indiquant que la composition des membres de l\u2019observatoire et la richesse de leurs exp\u00e9riences leur permettront d\u2019atteindre les r\u00e9sultats souhait\u00e9s.<\/p>\n<p>Cr\u00e9\u00e9 r\u00e9cemment, l\u2019Observatoire Nationale de D\u00e9fense des Droits de la Femme et de la Fille est une autorit\u00e9 administrative ind\u00e9pendante qui a pour vocation d\u2019\u00e9valuer la situation de la femme et de la fille en Mauritanie.<\/p>\n<p>La c\u00e9r\u00e9monie s&#8217;est d\u00e9roul\u00e9e en pr\u00e9sence des membres de l\u2019ONDFF, du repr\u00e9sentant du haut-Commissariat aux droits de l&#8217;Homme, des membres de la soci\u00e9t\u00e9 civile, des partenaires au d\u00e9veloppement et des femmes leaders<\/p>\n","protected":false},"excerpt":{"rendered":"<p>Mme Mehla Ahmed Talebna a proc\u00e9d\u00e9 au lancement des activit\u00e9s de l\u2019Observatoire National des Droits de la Femme et de la Fille, ce vendredi 08 juillet 2022 au Palais des Congr\u00e8s de Nouakchott, devant une forte assistance marqu\u00e9e par la pr\u00e9sence effective de la ministre de l\u2019Action Sociale de l\u2019Enfance et de la Famille Mme &hellip;<\/p>\n","protected":false},"author":1,"featured_media":1041,"comment_status":"open","ping_status":"open","sticky":false,"template":"","format":"standard","meta":{"footnotes":""},"categories":[18],"tags":[],"class_list":["post-1040","post","type-post","status-publish","format-standard","has-post-thumbnail","hentry","category-actualites"],"_links":{"self":[{"href":"https:\/\/ladepeche.mr\/index.php?rest_route=\/wp\/v2\/posts\/1040","targetHints":{"allow":["GET"]}}],"collection":[{"href":"https:\/\/ladepeche.mr\/index.php?rest_route=\/wp\/v2\/posts"}],"about":[{"href":"https:\/\/ladepeche.mr\/index.php?rest_route=\/wp\/v2\/types\/post"}],"author":[{"embeddable":true,"href":"https:\/\/ladepeche.mr\/index.php?rest_route=\/wp\/v2\/users\/1"}],"replies":[{"embeddable":true,"href":"https:\/\/ladepeche.mr\/index.php?rest_route=%2Fwp%2Fv2%2Fcomments&post=1040"}],"version-history":[{"count":1,"href":"https:\/\/ladepeche.mr\/index.php?rest_route=\/wp\/v2\/posts\/1040\/revisions"}],"predecessor-version":[{"id":1042,"href":"https:\/\/ladepeche.mr\/index.php?rest_route=\/wp\/v2\/posts\/1040\/revisions\/1042"}],"wp:featuredmedia":[{"embeddable":true,"href":"https:\/\/ladepeche.mr\/index.php?rest_route=\/wp\/v2\/media\/1041"}],"wp:attachment":[{"href":"https:\/\/ladepeche.mr\/index.php?rest_route=%2Fwp%2Fv2%2Fmedia&parent=1040"}],"wp:term":[{"taxonomy":"category","embeddable":true,"href":"https:\/\/ladepeche.mr\/index.php?rest_route=%2Fwp%2Fv2%2Fcategories&post=1040"},{"taxonomy":"post_tag","embeddable":true,"href":"https:\/\/ladepeche.mr\/index.php?rest_route=%2Fwp%2Fv2%2Ftags&post=1040"}],"curies":[{"name":"wp","href":"https:\/\/api.w.org\/{rel}","templated":true}]}}